{"id":170383,"date":"2020-05-19T14:09:52","date_gmt":"2020-05-19T17:09:52","guid":{"rendered":"https:\/\/www.caririemacao.com\/1\/?p=170383"},"modified":"2020-05-19T14:09:52","modified_gmt":"2020-05-19T17:09:52","slug":"bolsonaro-compartilha-video-de-mario-frias-e-levanta-duvidas-sobre-futuro-de-regina-duarte","status":"publish","type":"post","link":"https:\/\/www.caririemacao.com\/1\/2020\/05\/19\/bolsonaro-compartilha-video-de-mario-frias-e-levanta-duvidas-sobre-futuro-de-regina-duarte\/","title":{"rendered":"Bolsonaro compartilha v\u00eddeo de M\u00e1rio Frias e levanta d\u00favidas sobre futuro de Regina Duarte"},"content":{"rendered":"\n<p>Ap\u00f3s supostamente encerrar uma instabilidade pol\u00edtica com a secret\u00e1ria de Cultura Regina Duarte \u2014 ap\u00f3s a recondu\u00e7\u00e3o moment\u00e2nea, \u00e0 sua revelia, de Dante Mantovani \u00e0 Funarte, a pr\u00f3pria atriz disse que achava que estava sendo dispensada pelo governo \u2014, o presidente Jair Bolsonaro voltou a provocar especula\u00e7\u00f5es sobre o futuro do setor vinculado ao Minist\u00e9rio do Turismo.<\/p>\n\n\n\n<p>Na manh\u00e3 desta ter\u00e7a-feira (19), o presidente compartilhou o trecho de uma entrevista concedida por M\u00e1rio Frias \u00e0 rede CNN Brasil no dia 6 de maio, quando o nome de Regina Duarte vinha sendo apontado como iminente queda no governo. \u00c0 \u00e9poca, ali\u00e1s, os atores Humberto Martins e M\u00e1rio Frias j\u00e1 haviam sido apresentados a Bolsonaro como poss\u00edveis substitutos para a secret\u00e1ria.<\/p>\n\n\n\n<p>No v\u00eddeo publicado por Jair Bolsonaro em sua p\u00e1gina no Facebook e no Twitter, M\u00e1rio Frias tece elogios ao presidente e demonstra admira\u00e7\u00e3o por Regina Duarte \u2014 vale lembrar que Frias foi um dos poucos artistas a comparecer na posse de Regina. Quando perguntado se estaria sendo cotado para substituir a Secretaria de Cultura, ele d\u00e1 uma risada e diz que receberia o convite com entusiasmo.<\/p>\n\n\n\n<p>&#8220;Olha s\u00f3, para ser bem direto para o Jair: para o que ele precisar, estou aqui. Tor\u00e7o demais pela Regina. Ela \u00e9 um \u00edcone para mim, uma pessoa que mexeu no meu cora\u00e7\u00e3o. Amo voc\u00ea, Regina! Sou seu f\u00e3&#8221; afirmou o ator. &#8220;Mas pelo Brasil, estou aqui. Se for preciso, n\u00e3o vou correr disso. Respeito o Jair demais. Vejo o Brasil com chance de finalmente ser um pa\u00eds respeitado, digno, honesto, com uma democracia forte e consolidada&#8221;.<\/p>\n\n\n\n<p><strong>Gest\u00e3o de derrotas e saias-justas<\/strong><\/p>\n\n\n\n<p>H\u00e1 pouco mais de dois meses \u00e0 frente da Secretaria Especial da Cultura, Regina Duarte coleciona uma s\u00e9rie de derrotas e saias-justas em sua gest\u00e3o. A primeira veio j\u00e1 na cerim\u00f4nia de posse, quando ela tentou arrancar do presidente uma confirma\u00e7\u00e3o de que teria autonomia para trabalhar. Em resposta, acabou ouvindo do chefe que a tal &#8220;carta branca&#8221; prometida para montar sua equipe n\u00e3o seria bem do jeito que ela imaginava.<\/p>\n\n\n\n<p>Logo na sequ\u00eancia, Regina j\u00e1 virou alvo de militantes bolsonaristas nas redes sociais, ap\u00f3s demitir uma s\u00e9rie de nomeados por Roberto Alvim, exonerado por plagiar um discurso do ministro da propaganda nazista, Joseph Goebbels. Entre os afastados pela atriz estavam integrantes da ala ideol\u00f3gica do governo e seguidores do escritor Olavo de Carvalho. Um deles era justamente&nbsp; o maestro Dante Mantovani, ent\u00e3o presidente da Funarte.<\/p>\n\n\n\n<p>Desde que afastou Mantovani e outros, a atriz passou a sofrer sucessivos ataques p\u00fablicos em redes sociais e come\u00e7ou a ser minada dentro do governo. A persegui\u00e7\u00e3o a&nbsp; levou a afirmar, em sua primeira entrevista como secret\u00e1ria Especial da Cultura, que tinha virado alvo de \u201cuma fac\u00e7\u00e3o\u201d que queria ocupar seu lugar no governo.<\/p>\n","protected":false},"excerpt":{"rendered":"<p>Ap\u00f3s supostamente encerrar uma instabilidade pol\u00edtica com a secret\u00e1ria de Cultura Regina Duarte \u2014 ap\u00f3s a recondu\u00e7\u00e3o moment\u00e2nea, \u00e0 sua revelia, de Dante Mantovani \u00e0&hellip; <\/p>\n","protected":false},"author":2,"featured_media":170384,"comment_status":"closed","ping_status":"closed","sticky":false,"template":"","format":"standard","meta":{"sfsi_plus_gutenberg_text_before_share":"","sfsi_plus_gutenberg_show_text_before_share":"","sfsi_plus_gutenberg_icon_type":"","sfsi_plus_gutenberg_icon_alignemt":"","sfsi_plus_gutenburg_max_per_row":"","footnotes":""},"categories":[11],"tags":[],"class_list":["post-170383","post","type-post","status-publish","format-standard","has-post-thumbnail","hentry","category-politica"],"_links":{"self":[{"href":"https:\/\/www.caririemacao.com\/1\/wp-json\/wp\/v2\/posts\/170383","targetHints":{"allow":["GET"]}}],"collection":[{"href":"https:\/\/www.caririemacao.com\/1\/wp-json\/wp\/v2\/posts"}],"about":[{"href":"https:\/\/www.caririemacao.com\/1\/wp-json\/wp\/v2\/types\/post"}],"author":[{"embeddable":true,"href":"https:\/\/www.caririemacao.com\/1\/wp-json\/wp\/v2\/users\/2"}],"replies":[{"embeddable":true,"href":"https:\/\/www.caririemacao.com\/1\/wp-json\/wp\/v2\/comments?post=170383"}],"version-history":[{"count":1,"href":"https:\/\/www.caririemacao.com\/1\/wp-json\/wp\/v2\/posts\/170383\/revisions"}],"predecessor-version":[{"id":170385,"href":"https:\/\/www.caririemacao.com\/1\/wp-json\/wp\/v2\/posts\/170383\/revisions\/170385"}],"wp:featuredmedia":[{"embeddable":true,"href":"https:\/\/www.caririemacao.com\/1\/wp-json\/wp\/v2\/media\/170384"}],"wp:attachment":[{"href":"https:\/\/www.caririemacao.com\/1\/wp-json\/wp\/v2\/media?parent=170383"}],"wp:term":[{"taxonomy":"category","embeddable":true,"href":"https:\/\/www.caririemacao.com\/1\/wp-json\/wp\/v2\/categories?post=170383"},{"taxonomy":"post_tag","embeddable":true,"href":"https:\/\/www.caririemacao.com\/1\/wp-json\/wp\/v2\/tags?post=170383"}],"curies":[{"name":"wp","href":"https:\/\/api.w.org\/{rel}","templated":true}]}}