{"id":170387,"date":"2020-05-19T14:13:01","date_gmt":"2020-05-19T17:13:01","guid":{"rendered":"https:\/\/www.caririemacao.com\/1\/?p=170387"},"modified":"2020-05-19T14:13:01","modified_gmt":"2020-05-19T17:13:01","slug":"prefeituras-pedem-a-bolsonaro-que-libere-socorro-e-vete-reajuste-a-servidores","status":"publish","type":"post","link":"https:\/\/www.caririemacao.com\/1\/2020\/05\/19\/prefeituras-pedem-a-bolsonaro-que-libere-socorro-e-vete-reajuste-a-servidores\/","title":{"rendered":"Prefeituras pedem a Bolsonaro que libere socorro e vete reajuste a servidores"},"content":{"rendered":"\n<p>Entidades que representam prefeitos de 5.406 munic\u00edpios brasileiros enviaram of\u00edcios ao presidente Jair Bolsonaro (sem partido) cobrando a assinatura do projeto de lei que libera dinheiro para socorrer as contas de estados e munic\u00edpios, agravadas com a crise econ\u00f4mica da pandemia do coronav\u00edrus.<\/p>\n\n\n\n<p>Os prefeitos cobram tamb\u00e9m o veto \u00e0 libera\u00e7\u00e3o para reajustes salariais das maiores categorias do funcionalismo. A flexibiliza\u00e7\u00e3o do congelamento salarial op\u00f4s Bolsonaro e o ministro Paulo Guedes, da Economia.<\/p>\n\n\n\n<p>Os documentos foram assinados pela FNP (Fentre Nacional de Prefeitos), que re\u00fane 406 munic\u00edpios com mais de 80 mil habitantes, e a CNM (Confedera\u00e7\u00e3o Nacional de Munic\u00edpios), com 5.000 governos locais.<\/p>\n\n\n\n<p>Glademir Aroldi, presidente da CNM, assina o of\u00edcio em que os prefeitos manifestam \u201capoio ao veto anunciado pelo ministro Paulo Guedes\u201d \u00e0s regras que permitiriam reajustes salariais no funcionalismo p\u00fablico.<\/p>\n\n\n\n<p>Aroldi afirma que \u00e9 inoportuno realizar \u201cqualquer aumento de sal\u00e1rios e concess\u00e3o de b\u00f4nus ou gratifica\u00e7\u00f5es a agentes p\u00fablicos, neste momento em que as perdas de receita s\u00e3o imensur\u00e1veis e as perdas de renda das fam\u00edlias brasileiras e das empresas, da mesma forma imprevis\u00edveis\u201d.<\/p>\n\n\n\n<p>O of\u00edcio assinado pelo prefeito de Campinas, Jonas Donizete, presidente da FNP, pede, al\u00e9m da san\u00e7\u00e3o imediata do projeto de lei aprovado no Senado no dia 6 de maio, a execu\u00e7\u00e3o \u201co mais r\u00e1pido poss\u00edvel\u201d do pagamento da primeira das quatro parcelas do pacote de socorro.<\/p>\n\n\n\n<p>Dozinete diz, no documento, que \u201co esfor\u00e7o das prefeituras t\u00eam sido manter e garantir o pagamento dos sal\u00e1rios dos seus servidores em dia. No contexto de desemprego e do grande n\u00famero de trabalhadores informais em nosso pa\u00eds, \u00e9 desconexo tratar de reajuste de sal\u00e1rio neste momento.\u201d<\/p>\n\n\n\n<p>O atraso na san\u00e7\u00e3o do projeto de socorro financeiro de cerca de R$ 125 bilh\u00f5es amplia o preju\u00edzo e, em alguns estados e munic\u00edpios, h\u00e1 o risco de atraso nos sal\u00e1rios de servidores. Bolsonaro tem at\u00e9 quinta (21) para assinar a lei.<\/p>\n\n\n\n<p>Quanto mais Bolsonaro demora para assinar a libera\u00e7\u00e3o do socorro, mais tarde o dinheiro vai chegar aos cofres de prefeituras e governos estaduais. Do total aprovado no pacote, cerca de R$ 7 bilh\u00f5es ser\u00e3o repassados diretamente aos cofres dos entes federados.<\/p>\n","protected":false},"excerpt":{"rendered":"<p>Entidades que representam prefeitos de 5.406 munic\u00edpios brasileiros enviaram of\u00edcios ao presidente Jair Bolsonaro (sem partido) cobrando a assinatura do projeto de lei que libera&hellip; <\/p>\n","protected":false},"author":2,"featured_media":168905,"comment_status":"closed","ping_status":"closed","sticky":false,"template":"","format":"standard","meta":{"sfsi_plus_gutenberg_text_before_share":"","sfsi_plus_gutenberg_show_text_before_share":"","sfsi_plus_gutenberg_icon_type":"","sfsi_plus_gutenberg_icon_alignemt":"","sfsi_plus_gutenburg_max_per_row":"","footnotes":""},"categories":[6],"tags":[],"class_list":["post-170387","post","type-post","status-publish","format-standard","has-post-thumbnail","hentry","category-cidades"],"_links":{"self":[{"href":"https:\/\/www.caririemacao.com\/1\/wp-json\/wp\/v2\/posts\/170387","targetHints":{"allow":["GET"]}}],"collection":[{"href":"https:\/\/www.caririemacao.com\/1\/wp-json\/wp\/v2\/posts"}],"about":[{"href":"https:\/\/www.caririemacao.com\/1\/wp-json\/wp\/v2\/types\/post"}],"author":[{"embeddable":true,"href":"https:\/\/www.caririemacao.com\/1\/wp-json\/wp\/v2\/users\/2"}],"replies":[{"embeddable":true,"href":"https:\/\/www.caririemacao.com\/1\/wp-json\/wp\/v2\/comments?post=170387"}],"version-history":[{"count":1,"href":"https:\/\/www.caririemacao.com\/1\/wp-json\/wp\/v2\/posts\/170387\/revisions"}],"predecessor-version":[{"id":170388,"href":"https:\/\/www.caririemacao.com\/1\/wp-json\/wp\/v2\/posts\/170387\/revisions\/170388"}],"wp:featuredmedia":[{"embeddable":true,"href":"https:\/\/www.caririemacao.com\/1\/wp-json\/wp\/v2\/media\/168905"}],"wp:attachment":[{"href":"https:\/\/www.caririemacao.com\/1\/wp-json\/wp\/v2\/media?parent=170387"}],"wp:term":[{"taxonomy":"category","embeddable":true,"href":"https:\/\/www.caririemacao.com\/1\/wp-json\/wp\/v2\/categories?post=170387"},{"taxonomy":"post_tag","embeddable":true,"href":"https:\/\/www.caririemacao.com\/1\/wp-json\/wp\/v2\/tags?post=170387"}],"curies":[{"name":"wp","href":"https:\/\/api.w.org\/{rel}","templated":true}]}}