{"id":170398,"date":"2020-05-19T14:28:05","date_gmt":"2020-05-19T17:28:05","guid":{"rendered":"https:\/\/www.caririemacao.com\/1\/?p=170398"},"modified":"2020-05-19T14:28:05","modified_gmt":"2020-05-19T17:28:05","slug":"governo-da-paraiba-abre-inscricoes-para-450-vagas-de-estagio-para-alunos-da-rede-estadual","status":"publish","type":"post","link":"https:\/\/www.caririemacao.com\/1\/2020\/05\/19\/governo-da-paraiba-abre-inscricoes-para-450-vagas-de-estagio-para-alunos-da-rede-estadual\/","title":{"rendered":"Governo da Para\u00edba abre inscri\u00e7\u00f5es para 450 vagas de est\u00e1gio para alunos da Rede Estadual"},"content":{"rendered":"\n<p>Os alunos dos cursos t\u00e9cnicos e da 3\u00aa s\u00e9rie do Ensino M\u00e9dio da Rede Estadual de Ensino da Para\u00edba ter\u00e3o acesso a 450 vagas de est\u00e1gio do Programa Primeira Chance, da Secretaria de Estado da Educa\u00e7\u00e3o e da Ci\u00eancia e Tecnologia (SEECT-PB). As inscri\u00e7\u00f5es come\u00e7am nesta ter\u00e7a-feira (19) e seguem at\u00e9 o dia 5 de junho no site&nbsp;<a href=\"http:\/\/primeirachance.seect.pb.gov.br\/\">primeirachance.seect.pb.gov.br<\/a>&nbsp;. &nbsp;<\/p>\n\n\n\n<p>De acordo com a coordenadora do programa, Rayssa Ferreira Alencar, as vagas ser\u00e3o definidas em tr\u00eas modalidades. \u201cAo todo ser\u00e3o 450 oportunidades para os alunos, sendo 350 para est\u00e1gios externos e 50 para pr\u00e1ticas profissionais dentro das pr\u00f3prias escolas. Al\u00e9m disso, ser\u00e3o oferecidas 50 vagas de est\u00e1gio em parceria com o Centro de Opera\u00e7\u00f5es Integradas da Pol\u00edcia (Ciop) e o Instituto de Pol\u00edcia Cient\u00edfica (IPC)\u201d, explicou a coordenadora.<\/p>\n\n\n\n<p><strong>Calend\u00e1rio<\/strong>&nbsp;&#8211; A partir do dia 1\u00ba de junho, ser\u00e3o lan\u00e7ados editais para que as empresas interessadas em receber alunos da Rede Estadual de Ensino possam se cadastrar. Segundo a coordenadora Rayssa Ferreira Alencar, todos os processos devem acontecer de maneira remota.&nbsp;&nbsp;<\/p>\n\n\n\n<p>\u201cAp\u00f3s o lan\u00e7amento oficial do site com o Banco de Talentos, as inscri\u00e7\u00f5es ser\u00e3o iniciadas no dia seguinte e seguem at\u00e9 o dia 5 de junho. No dia 1\u00ba de junho, vamos divulgar os editais do programa junto \u00e0s empresas. Todo esse processo ser\u00e1 feito on-line. Em seguida, em julho, acontecer\u00e3o as entrevistas com os alunos. E, se tudo der certo, em setembro eles j\u00e1 devem estar trabalhando\u201d, disse Rayssa.<\/p>\n\n\n\n<p><strong>Primeira Chance<\/strong>&nbsp;&#8211; Criado em abril de 2019, o Programa Estadual Primeira Chance visa o incentivo \u00e0 primeira forma\u00e7\u00e3o profissional de estudantes e egressos da Rede Estadual. O programa tamb\u00e9m faz articula\u00e7\u00f5es entre a forma\u00e7\u00e3o acad\u00eamica e forma\u00e7\u00e3o profissional para estimular a integra\u00e7\u00e3o dos estudantes ao mercado de trabalho, considerando a teoria e pr\u00e1tica no processo formativo educacional e profissional.<\/p>\n\n\n\n<p>Em 2019 foram 230 vagas, sendo 100 para pr\u00e1ticas profissionais e 130 para est\u00e1gios externos nas \u00e1reas de hospitalidade e lazer, t\u00eaxtil e empreendedorismo, com 44 empresas participantes em todo o estado.<\/p>\n","protected":false},"excerpt":{"rendered":"<p>Os alunos dos cursos t\u00e9cnicos e da 3\u00aa s\u00e9rie do Ensino M\u00e9dio da Rede Estadual de Ensino da Para\u00edba ter\u00e3o acesso a 450 vagas de&hellip; <\/p>\n","protected":false},"author":2,"featured_media":107751,"comment_status":"closed","ping_status":"closed","sticky":false,"template":"","format":"standard","meta":{"sfsi_plus_gutenberg_text_before_share":"","sfsi_plus_gutenberg_show_text_before_share":"","sfsi_plus_gutenberg_icon_type":"","sfsi_plus_gutenberg_icon_alignemt":"","sfsi_plus_gutenburg_max_per_row":"","footnotes":""},"categories":[14],"tags":[],"class_list":["post-170398","post","type-post","status-publish","format-standard","has-post-thumbnail","hentry","category-educacao"],"_links":{"self":[{"href":"https:\/\/www.caririemacao.com\/1\/wp-json\/wp\/v2\/posts\/170398","targetHints":{"allow":["GET"]}}],"collection":[{"href":"https:\/\/www.caririemacao.com\/1\/wp-json\/wp\/v2\/posts"}],"about":[{"href":"https:\/\/www.caririemacao.com\/1\/wp-json\/wp\/v2\/types\/post"}],"author":[{"embeddable":true,"href":"https:\/\/www.caririemacao.com\/1\/wp-json\/wp\/v2\/users\/2"}],"replies":[{"embeddable":true,"href":"https:\/\/www.caririemacao.com\/1\/wp-json\/wp\/v2\/comments?post=170398"}],"version-history":[{"count":1,"href":"https:\/\/www.caririemacao.com\/1\/wp-json\/wp\/v2\/posts\/170398\/revisions"}],"predecessor-version":[{"id":170399,"href":"https:\/\/www.caririemacao.com\/1\/wp-json\/wp\/v2\/posts\/170398\/revisions\/170399"}],"wp:featuredmedia":[{"embeddable":true,"href":"https:\/\/www.caririemacao.com\/1\/wp-json\/wp\/v2\/media\/107751"}],"wp:attachment":[{"href":"https:\/\/www.caririemacao.com\/1\/wp-json\/wp\/v2\/media?parent=170398"}],"wp:term":[{"taxonomy":"category","embeddable":true,"href":"https:\/\/www.caririemacao.com\/1\/wp-json\/wp\/v2\/categories?post=170398"},{"taxonomy":"post_tag","embeddable":true,"href":"https:\/\/www.caririemacao.com\/1\/wp-json\/wp\/v2\/tags?post=170398"}],"curies":[{"name":"wp","href":"https:\/\/api.w.org\/{rel}","templated":true}]}}