{"id":170401,"date":"2020-05-19T14:31:09","date_gmt":"2020-05-19T17:31:09","guid":{"rendered":"https:\/\/www.caririemacao.com\/1\/?p=170401"},"modified":"2020-05-19T14:31:09","modified_gmt":"2020-05-19T17:31:09","slug":"detran-prorroga-prazo-de-suspensao-do-atendimento-presencial-ate-31-de-maio-na-paraiba","status":"publish","type":"post","link":"https:\/\/www.caririemacao.com\/1\/2020\/05\/19\/detran-prorroga-prazo-de-suspensao-do-atendimento-presencial-ate-31-de-maio-na-paraiba\/","title":{"rendered":"Detran prorroga prazo de suspens\u00e3o do atendimento presencial at\u00e9 31 de maio na Para\u00edba"},"content":{"rendered":"\n<p>O Departamento Estadual de Tr\u00e2nsito (Detran-PB) expediu nova portaria, prorrogando a suspens\u00e3o do atendimento presencial nas depend\u00eancias do \u00f3rg\u00e3o at\u00e9 o dia 31 de maio. A Portaria n\u00ba 121\/2020 foi publicada no Di\u00e1rio Oficial desta ter\u00e7a-feira (19).<\/p>\n\n\n\n<p>De acordo com o novo documento, continuam suspensas a abertura de novos processos de carteira de habilita\u00e7\u00e3o (CNH); a avalia\u00e7\u00e3o de candidatos pela Junta M\u00e9dica Especial; as atividades das Bancas Examinadoras de avalia\u00e7\u00e3o de condutores; a avalia\u00e7\u00e3o m\u00e9dica e psicol\u00f3gica; as aulas te\u00f3ricas e pr\u00e1ticas ministradas presencialmente pelos Centros de Forma\u00e7\u00e3o de Condutores (CFCs) credenciados pelo \u00f3rg\u00e3o, bem como as a\u00e7\u00f5es presenciais da Coordena\u00e7\u00e3o de Educa\u00e7\u00e3o de Tr\u00e2nsito.<\/p>\n\n\n\n<p>A Portaria n\u00ba 121\/2020 prorroga os efeitos das anteriores, que recomendou aos usu\u00e1rios utilizar os servi\u00e7os eletr\u00f4nicos dispon\u00edveis no site&nbsp;<a href=\"http:\/\/detran.pb.gov.br\/\">detran.pb.gov.br<\/a>. \u201cOs servi\u00e7os eletr\u00f4nicos disponibilizados pelo \u00f3rg\u00e3o n\u00e3o ser\u00e3o, em hip\u00f3tese alguma, realizados na forma presencial\u201d.<\/p>\n\n\n\n<p><strong>Por meio do site e de aplicativo, os servi\u00e7os online s\u00e3o:<\/strong><\/p>\n\n\n\n<ul class=\"wp-block-list\"><li>Impress\u00e3o da guia para pagamento de boleto de licenciamento anual;<\/li><li>Consulta de processo do ve\u00edculo;<\/li><li>Ingresso com recurso de multa;<\/li><li>Parcelamento de multas e licenciamento em atraso, por empresas credenciadas ao Detran-PB;<\/li><li>Emiss\u00e3o e impress\u00e3o do CRLV Digital (por meio do aplicativo Carteira Digital de Tr\u00e2nsito);<\/li><li>E, a partir desta ter\u00e7a-feira (19), agendamento para libera\u00e7\u00e3o de ve\u00edculos.<\/li><\/ul>\n\n\n\n<p>Entre outros pontos, a nova portaria da Dire\u00e7\u00e3o do Detran-PB levou em considera\u00e7\u00e3o as delibera\u00e7\u00f5es n\u00ba 185 e n\u00ba 186, do Conselho Nacional de Tr\u00e2nsito (Contran), \u201cdispondo sobre a amplia\u00e7\u00e3o e a interrup\u00e7\u00e3o de prazos e de procedimentos afetos aos \u00f3rg\u00e3os e entidades do Sistema Nacional de Tr\u00e2nsito e \u00e0s entidades p\u00fablicas e privadas prestadoras de servi\u00e7os relacionados ao tr\u00e2nsito\u201d.<\/p>\n\n\n\n<p>A Dire\u00e7\u00e3o do Detran-PB reitera que todas as medidas emergenciais protocoladas pelo Governo do Estado, no sentido de combater o coronav\u00edrus, est\u00e3o sendo devidamente aplicadas na sede de Mangabeira, Ciretrans, postos de tr\u00e2nsito e postos de atendimento nas casas da Cidadania e nos shoppings.<\/p>\n\n\n\n<p><strong>Veja a \u00edntegra da Portaria:<\/strong><\/p>\n\n\n\n<p><em>PORTARIA N\u00ba 121\/2020\/DS&nbsp; &nbsp; &nbsp; &nbsp; &nbsp; &nbsp; &nbsp; &nbsp; &nbsp; &nbsp; &nbsp;<\/em><\/p>\n\n\n\n<p><em>Disp\u00f5e sobre o funcionamento e as atividades do DETRAN\/PB durante o per\u00edodo de pandemia decorrente do Coronavirus (COVID-19) e d\u00e1 outras provid\u00eancias.<br>&nbsp;<br>O DIRETOR SUPERINTENDENTE DO DEPARTAMENTO DE TR\u00c2NSITO DA PARA\u00cdBA \u2013 DETRAN-PB, no uso das atribui\u00e7\u00f5es que lhe s\u00e3o conferidas pelo Artigo 9\u00ba, I da lei n\u00ba 3.848 de 15\/06\/76, combinado com o Decreto n\u00ba 7.065 de 08\/10\/76, modificado pelo Art. 24 do Decreto Estadual n\u00ba 7.960, de 07\/03\/1979;<br>&nbsp;<br>Considerando o estado de pandemia mundial decorrente do coronav\u00edrus (COVID-19), inclusive j\u00e1 declarada pela OMS \u2013 Organiza\u00e7\u00e3o Mundial de Sa\u00fade, destacando um rol de medidas protetivas, preventivas e necess\u00e1rias para coibir sua dissemina\u00e7\u00e3o;<br>&nbsp;<br>Considerando o Decreto Estadual n\u00ba 40.242 de 16 de Maio de 2020 que disp\u00f5e sobre a ado\u00e7\u00e3o de novas medidas tempor\u00e1rias e emergenciais de preven\u00e7\u00e3o de cont\u00e1gio pelo Novo Coronav\u00edrus (COVID-19);<\/em><\/p>\n\n\n\n<p><em>Considerando o teor das Portarias n\u00ba 111\/2020\/DS e 117\/2020\/DS;<br>&nbsp;<br>RESOLVE:<br>&nbsp; &nbsp; &nbsp; &nbsp; &nbsp; &nbsp; &nbsp; &nbsp; &nbsp; &nbsp; &nbsp; &nbsp;<br>Art. 1\u00ba Prorrogar os efeitos da Portaria n\u00ba 110\/2020\/DS at\u00e9 o dia 31 de Maio de 2020.<br>Art. 2\u00ba As disposi\u00e7\u00f5es contidas neste ato poder\u00e3o ser revistas a qualquer tempo pela Superintend\u00eancia, em conson\u00e2ncia com as determina\u00e7\u00f5es contidas nos decretos n\u00ba 40.136\/2020, 40\/168\/2020 e 40.242\/2020.<br>Art. 3\u00ba Publique-se.<br>&nbsp;<\/em><\/p>\n","protected":false},"excerpt":{"rendered":"<p>O Departamento Estadual de Tr\u00e2nsito (Detran-PB) expediu nova portaria, prorrogando a suspens\u00e3o do atendimento presencial nas depend\u00eancias do \u00f3rg\u00e3o at\u00e9 o dia 31 de maio.&hellip; <\/p>\n","protected":false},"author":2,"featured_media":158702,"comment_status":"closed","ping_status":"closed","sticky":false,"template":"","format":"standard","meta":{"sfsi_plus_gutenberg_text_before_share":"","sfsi_plus_gutenberg_show_text_before_share":"","sfsi_plus_gutenberg_icon_type":"","sfsi_plus_gutenberg_icon_alignemt":"","sfsi_plus_gutenburg_max_per_row":"","footnotes":""},"categories":[2],"tags":[],"class_list":["post-170401","post","type-post","status-publish","format-standard","has-post-thumbnail","hentry","category-geral"],"_links":{"self":[{"href":"https:\/\/www.caririemacao.com\/1\/wp-json\/wp\/v2\/posts\/170401","targetHints":{"allow":["GET"]}}],"collection":[{"href":"https:\/\/www.caririemacao.com\/1\/wp-json\/wp\/v2\/posts"}],"about":[{"href":"https:\/\/www.caririemacao.com\/1\/wp-json\/wp\/v2\/types\/post"}],"author":[{"embeddable":true,"href":"https:\/\/www.caririemacao.com\/1\/wp-json\/wp\/v2\/users\/2"}],"replies":[{"embeddable":true,"href":"https:\/\/www.caririemacao.com\/1\/wp-json\/wp\/v2\/comments?post=170401"}],"version-history":[{"count":1,"href":"https:\/\/www.caririemacao.com\/1\/wp-json\/wp\/v2\/posts\/170401\/revisions"}],"predecessor-version":[{"id":170402,"href":"https:\/\/www.caririemacao.com\/1\/wp-json\/wp\/v2\/posts\/170401\/revisions\/170402"}],"wp:featuredmedia":[{"embeddable":true,"href":"https:\/\/www.caririemacao.com\/1\/wp-json\/wp\/v2\/media\/158702"}],"wp:attachment":[{"href":"https:\/\/www.caririemacao.com\/1\/wp-json\/wp\/v2\/media?parent=170401"}],"wp:term":[{"taxonomy":"category","embeddable":true,"href":"https:\/\/www.caririemacao.com\/1\/wp-json\/wp\/v2\/categories?post=170401"},{"taxonomy":"post_tag","embeddable":true,"href":"https:\/\/www.caririemacao.com\/1\/wp-json\/wp\/v2\/tags?post=170401"}],"curies":[{"name":"wp","href":"https:\/\/api.w.org\/{rel}","templated":true}]}}