{"id":170404,"date":"2020-05-19T14:35:17","date_gmt":"2020-05-19T17:35:17","guid":{"rendered":"https:\/\/www.caririemacao.com\/1\/?p=170404"},"modified":"2020-05-19T14:35:17","modified_gmt":"2020-05-19T17:35:17","slug":"prefeito-interino-denuncia-ao-mp-sumico-de-hds-de-computadores-documentos-e-chaves-da-prefeitura-de-santo-andre","status":"publish","type":"post","link":"https:\/\/www.caririemacao.com\/1\/2020\/05\/19\/prefeito-interino-denuncia-ao-mp-sumico-de-hds-de-computadores-documentos-e-chaves-da-prefeitura-de-santo-andre\/","title":{"rendered":"Prefeito interino denuncia ao MP \u2018sumi\u00e7o\u2019 de HD\u2019s de computadores, documentos e chaves da prefeitura de Santo Andr\u00e9"},"content":{"rendered":"\n<p>O prefeito interino da cidade de Santo Andr\u00e9, Arimat\u00e9a Porto, assumiu o comando da prefeitura no \u00faltimo dia 11 deste m\u00eas, quando a prefeita Silvana Marinho&nbsp;foi afastada por determina\u00e7\u00e3o da Justi\u00e7a. Mas de l\u00e1 para c\u00e1 ele tem tido uma dor de cabe\u00e7a danada para administrar o munic\u00edpio. \u00c9 que a famosa \u2018transi\u00e7\u00e3o\u2019 estaria sendo dificultada e foi preciso recorrer ao Minist\u00e9rio P\u00fablico para tentar uma solu\u00e7\u00e3o para o problema.&nbsp;Na \u00faltima segunda-feira o promotor Noel Cris\u00f3stomo de Oliveira instaurou um inqu\u00e9rito civil p\u00fablico para acompanhar a situa\u00e7\u00e3o.<\/p>\n\n\n\n<p>De acordo com o documento, o prefeito interino relatou que ao receber a prefeitura deparou-se com a \u201caus\u00eancia da grande maioria dos computadores, documentos e outros bens, al\u00e9m da aus\u00eancia de chaves para acesso as salas do pa\u00e7o municipal\u201d.<\/p>\n\n\n\n<p>\u201cAs chaves n\u00f3s tivemos que acionar a pol\u00edcia militar e conseguimos ter acesso. Alguns computadores est\u00e3o sem HD, sem mem\u00f3ria e sem senhas de acesso\u201d, contou Arimat\u00e9a Porto, que \u00e9 do mesmo partido (Cidadania) da prefeita afastada, Silvana Fernandes, mas ambos est\u00e3o \u2018rachados\u2019 ap\u00f3s o afastamento.<\/p>\n\n\n\n<div class=\"wp-block-image\"><figure class=\"aligncenter\"><img decoding=\"async\" data-src=\"http:\/\/deolhonocariri.com.br\/wp-content\/uploads\/2020\/05\/foto-santo-andre-ok.png\" alt=\"\" class=\"wp-image-82621 lazyload\" src=\"data:image\/svg+xml;base64,PHN2ZyB3aWR0aD0iMSIgaGVpZ2h0PSIxIiB4bWxucz0iaHR0cDovL3d3dy53My5vcmcvMjAwMC9zdmciPjwvc3ZnPg==\" \/><\/figure><\/div>\n\n\n\n<p>A prefeita da cidade foi afastada pelo Tribunal de Justi\u00e7a do Estado ap\u00f3s ser denunciada pelo Minist\u00e9rio P\u00fablico por peculato. Na den\u00fancia a gestora \u00e9 acusada de n\u00e3o ter repassado mais de R$ 43 mil em valores descontados dos servidores p\u00fablicos para uma institui\u00e7\u00e3o financeira, atrav\u00e9s de empr\u00e9stimos consignados.&nbsp;Ela tamb\u00e9m foi&nbsp;denunciada, recentemente, no \u00e2mbito da Opera\u00e7\u00e3o Recidiva,&nbsp;do Minist\u00e9rio Publico Federal. A a\u00e7\u00e3o apura desvios e fraudes em conv\u00eanios entre munic\u00edpios e a Funasa. Nesse caso, do MPF, al\u00e9m da gestora tamb\u00e9m foram denunciados o filho dela e um engenheiro.<\/p>\n\n\n\n<p><strong><a href=\"http:\/\/blogs.jornaldaparaiba.com.br\/plenopoder\/wp-content\/uploads\/sites\/34\/2020\/05\/santo-andre.pdf\">Confira a portaria do inqu\u00e9rito civil do MP na \u00edntegra<\/a><\/strong><\/p>\n\n\n\n<p><\/p>\n\n\n\n<p><em>Jornal da Para\u00edba<\/em><\/p>\n","protected":false},"excerpt":{"rendered":"<p>O prefeito interino da cidade de Santo Andr\u00e9, Arimat\u00e9a Porto, assumiu o comando da prefeitura no \u00faltimo dia 11 deste m\u00eas, quando a prefeita Silvana&hellip; <\/p>\n","protected":false},"author":2,"featured_media":170405,"comment_status":"closed","ping_status":"closed","sticky":false,"template":"","format":"standard","meta":{"sfsi_plus_gutenberg_text_before_share":"","sfsi_plus_gutenberg_show_text_before_share":"","sfsi_plus_gutenberg_icon_type":"","sfsi_plus_gutenberg_icon_alignemt":"","sfsi_plus_gutenburg_max_per_row":"","footnotes":""},"categories":[6],"tags":[],"class_list":["post-170404","post","type-post","status-publish","format-standard","has-post-thumbnail","hentry","category-cidades"],"_links":{"self":[{"href":"https:\/\/www.caririemacao.com\/1\/wp-json\/wp\/v2\/posts\/170404","targetHints":{"allow":["GET"]}}],"collection":[{"href":"https:\/\/www.caririemacao.com\/1\/wp-json\/wp\/v2\/posts"}],"about":[{"href":"https:\/\/www.caririemacao.com\/1\/wp-json\/wp\/v2\/types\/post"}],"author":[{"embeddable":true,"href":"https:\/\/www.caririemacao.com\/1\/wp-json\/wp\/v2\/users\/2"}],"replies":[{"embeddable":true,"href":"https:\/\/www.caririemacao.com\/1\/wp-json\/wp\/v2\/comments?post=170404"}],"version-history":[{"count":1,"href":"https:\/\/www.caririemacao.com\/1\/wp-json\/wp\/v2\/posts\/170404\/revisions"}],"predecessor-version":[{"id":170406,"href":"https:\/\/www.caririemacao.com\/1\/wp-json\/wp\/v2\/posts\/170404\/revisions\/170406"}],"wp:featuredmedia":[{"embeddable":true,"href":"https:\/\/www.caririemacao.com\/1\/wp-json\/wp\/v2\/media\/170405"}],"wp:attachment":[{"href":"https:\/\/www.caririemacao.com\/1\/wp-json\/wp\/v2\/media?parent=170404"}],"wp:term":[{"taxonomy":"category","embeddable":true,"href":"https:\/\/www.caririemacao.com\/1\/wp-json\/wp\/v2\/categories?post=170404"},{"taxonomy":"post_tag","embeddable":true,"href":"https:\/\/www.caririemacao.com\/1\/wp-json\/wp\/v2\/tags?post=170404"}],"curies":[{"name":"wp","href":"https:\/\/api.w.org\/{rel}","templated":true}]}}