{"id":170410,"date":"2020-05-19T14:49:09","date_gmt":"2020-05-19T17:49:09","guid":{"rendered":"https:\/\/www.caririemacao.com\/1\/?p=170410"},"modified":"2020-05-19T14:49:09","modified_gmt":"2020-05-19T17:49:09","slug":"urgente-sume-registra-1-caso-de-covid-19-no-municipio","status":"publish","type":"post","link":"https:\/\/www.caririemacao.com\/1\/2020\/05\/19\/urgente-sume-registra-1-caso-de-covid-19-no-municipio\/","title":{"rendered":"Urgente: Sum\u00e9 registra 1\u00b0 caso de Covid-19 no munic\u00edpio"},"content":{"rendered":"\n<p>A Secretaria de Sa\u00fade de Sum\u00e9, por meio da Vigil\u00e2ncia Epidemiol\u00f3gica, confirmou, no in\u00edcio da tarde desta ter\u00e7a-feira (19), \u00e0s 14:30h, um caso positivo de coronav\u00edrus (Covid-19) no munic\u00edpio.<\/p>\n\n\n\n<p>Trata-se de um homem de 24 anos, rec\u00e9m chegado da cidade de S\u00e3o Paulo, mais precisamente no dia 14 de maio.<\/p>\n\n\n\n<p>Na manh\u00e3 desta ter\u00e7a-feira (19), o paciente deu entrada em uma Unidade B\u00e1sica de Sa\u00fade apresentando alguns sintomas e foi encaminhado pela m\u00e9dica e enfermeira da unidade para a realiza\u00e7\u00e3o do teste r\u00e1pido, sendo realizado na sala de testes r\u00e1pidos do munic\u00edpio.<\/p>\n\n\n\n<p>A Secretaria de Sa\u00fade de Sum\u00e9 recomendou ao paciente isolamento total, assim como isolamento para os familiares que mantiveram contato com ele.<\/p>\n\n\n\n<p>A Prefeitura de Sum\u00e9 refor\u00e7a cada vez mais que as pessoas fiquem em casa, saindo somente para necessidades urgentes.<\/p>\n\n\n\n<p>Ascom PMS<\/p>\n","protected":false},"excerpt":{"rendered":"<p>A Secretaria de Sa\u00fade de Sum\u00e9, por meio da Vigil\u00e2ncia Epidemiol\u00f3gica, confirmou, no in\u00edcio da tarde desta ter\u00e7a-feira (19), \u00e0s 14:30h, um caso positivo de&hellip; <\/p>\n","protected":false},"author":2,"featured_media":157049,"comment_status":"closed","ping_status":"closed","sticky":false,"template":"","format":"standard","meta":{"sfsi_plus_gutenberg_text_before_share":"","sfsi_plus_gutenberg_show_text_before_share":"","sfsi_plus_gutenberg_icon_type":"","sfsi_plus_gutenberg_icon_alignemt":"","sfsi_plus_gutenburg_max_per_row":"","footnotes":""},"categories":[50,2],"tags":[],"class_list":["post-170410","post","type-post","status-publish","format-standard","has-post-thumbnail","hentry","category-destaque","category-geral"],"_links":{"self":[{"href":"https:\/\/www.caririemacao.com\/1\/wp-json\/wp\/v2\/posts\/170410","targetHints":{"allow":["GET"]}}],"collection":[{"href":"https:\/\/www.caririemacao.com\/1\/wp-json\/wp\/v2\/posts"}],"about":[{"href":"https:\/\/www.caririemacao.com\/1\/wp-json\/wp\/v2\/types\/post"}],"author":[{"embeddable":true,"href":"https:\/\/www.caririemacao.com\/1\/wp-json\/wp\/v2\/users\/2"}],"replies":[{"embeddable":true,"href":"https:\/\/www.caririemacao.com\/1\/wp-json\/wp\/v2\/comments?post=170410"}],"version-history":[{"count":1,"href":"https:\/\/www.caririemacao.com\/1\/wp-json\/wp\/v2\/posts\/170410\/revisions"}],"predecessor-version":[{"id":170411,"href":"https:\/\/www.caririemacao.com\/1\/wp-json\/wp\/v2\/posts\/170410\/revisions\/170411"}],"wp:featuredmedia":[{"embeddable":true,"href":"https:\/\/www.caririemacao.com\/1\/wp-json\/wp\/v2\/media\/157049"}],"wp:attachment":[{"href":"https:\/\/www.caririemacao.com\/1\/wp-json\/wp\/v2\/media?parent=170410"}],"wp:term":[{"taxonomy":"category","embeddable":true,"href":"https:\/\/www.caririemacao.com\/1\/wp-json\/wp\/v2\/categories?post=170410"},{"taxonomy":"post_tag","embeddable":true,"href":"https:\/\/www.caririemacao.com\/1\/wp-json\/wp\/v2\/tags?post=170410"}],"curies":[{"name":"wp","href":"https:\/\/api.w.org\/{rel}","templated":true}]}}