{"id":170424,"date":"2020-05-19T15:57:39","date_gmt":"2020-05-19T18:57:39","guid":{"rendered":"https:\/\/www.caririemacao.com\/1\/?p=170424"},"modified":"2020-05-19T15:57:39","modified_gmt":"2020-05-19T18:57:39","slug":"ministerio-da-saude-entrega-mais-304-respiradores-pulmonares-para-nove-estados","status":"publish","type":"post","link":"https:\/\/www.caririemacao.com\/1\/2020\/05\/19\/ministerio-da-saude-entrega-mais-304-respiradores-pulmonares-para-nove-estados\/","title":{"rendered":"Minist\u00e9rio da Sa\u00fade entrega mais 304 respiradores pulmonares para nove estados"},"content":{"rendered":"\n<p>A rede p\u00fablica de sa\u00fade brasileira ganhou o refor\u00e7o de mais 304 respiradores pulmonares. Entre s\u00e1bado (16) e segunda-feira (18), o Minist\u00e9rio da Sa\u00fade realizou a entrega dos equipamentos em nove estados: Goi\u00e1s (25), Pernambuco (35), Para\u00edba (20), Amazonas (48), Rond\u00f4nia (25), Par\u00e1 (50), Maranh\u00e3o (25), S\u00e3o Paulo (20) e Rio de Janeiro (56). Do total enviado ao Amazonas, 18 equipamentos foram entregues, com apoio da For\u00e7a A\u00e9rea Brasileira (FAB), a munic\u00edpios de dif\u00edcil acesso no estado, em S\u00e3o Gabriel da Cachoeira (8) e Tabatinga (10). Os estados s\u00e3o respons\u00e1veis por definir as unidades de sa\u00fade e munic\u00edpios que receber\u00e3o os respiradores pulmonares, conforme planejamento local.<\/p>\n\n\n\n<p>At\u00e9 o momento, o Governo do Brasil, por meio do Minist\u00e9rio da Sa\u00fade, j\u00e1 entregou 861 respiradores pulmonares para refor\u00e7ar 14 estados no combate \u00e0 COVID-19: Amazonas (138), Cear\u00e1 (75), Para\u00edba (40), Pernambuco (85), Rio de Janeiro (206), Amap\u00e1 (45), Par\u00e1 (130), Paran\u00e1 (20), Santa Catarina (17), Esp\u00edrito Santo (10), Goi\u00e1s (25), Maranh\u00e3o (25), Rond\u00f4nia (25) e S\u00e3o Paulo (20).<\/p>\n\n\n\n<p>A compra e distribui\u00e7\u00e3o dos respiradores \u00e9 parte do apoio estrat\u00e9gico do Governo do Brasil no atendimento aos estados. As entregas levam em conta a capacidade instalada da rede de assist\u00eancia em sa\u00fade p\u00fablica, principalmente nos locais onde a transmiss\u00e3o est\u00e1 se dando em maior velocidade.<\/p>\n\n\n\n<p>A aquisi\u00e7\u00e3o destes equipamentos \u00e9 de responsabilidade dos estados e munic\u00edpios. Mas, diante do cen\u00e1rio de emerg\u00eancia em sa\u00fade p\u00fablica por conta da pandemia do coronav\u00edrus, o Minist\u00e9rio da Sa\u00fade utilizou o seu poder de compra em apoio irrestrito aos gestores locais do Sistema \u00danico de Sa\u00fade (SUS). \u201cO Governo Federal conduz avalia\u00e7\u00f5es di\u00e1rias das situa\u00e7\u00f5es de risco em cada localidade, refor\u00e7ando estados e munic\u00edpios com os recursos necess\u00e1rios, financeiros, materiais e pessoal\u201d, ressalta o ministro interino da Sa\u00fade, general Eduardo Pazuello.<\/p>\n\n\n\n<p>O Minist\u00e9rio da Sa\u00fade assinou quatro contratos com empresas brasileiras para a produ\u00e7\u00e3o de 15.300 respiradores, sendo: 6.500 com a Magnamed, no valor de R$ 322,5 milh\u00f5es; 4.300 com a Intermed, no valor de R$ 258 milh\u00f5es, 3.300 com a KTK, no valor de R$ 78 milh\u00f5es e 1.202 com a empresa Leistung, no valor de R$ 72 milh\u00f5es para fornecimento de equipamentos no per\u00edodo de tr\u00eas meses (90 dias). O esfor\u00e7o brasileiro na aquisi\u00e7\u00e3o destes itens envolve mais de 15 institui\u00e7\u00f5es entre fabricantes processadores, institui\u00e7\u00f5es financeiras e empresas de alta tecnologia, entre outras. A distribui\u00e7\u00e3o dos equipamentos tem ocorrido conforme a capacidade de produ\u00e7\u00e3o da ind\u00fastria nacional, que depende de algumas pe\u00e7as que s\u00e3o importadas.<\/p>\n\n\n\n<h2 class=\"wp-block-heading\"><strong>A\u00c7\u00c3O INTERMINISTERIAL<\/strong><\/h2>\n\n\n\n<p>Uma parceria entre o Minist\u00e9rio da Sa\u00fade e o Minist\u00e9rio da Economia realizou um mapeamento do parque industrial nacional, quando foram identificadas as capacidades de cada setor para o fornecimento de respiradores pulmonares. Nesse mapeamento, encontrou-se empresas que tinham escala pequena de produ\u00e7\u00e3o, mas que tinham expertise e outras que poderiam contribuir para expandir as entregas em um menor espa\u00e7o de tempo poss\u00edvel.<\/p>\n\n\n\n<p>O projeto ainda envolve o Minist\u00e9rio das Rela\u00e7\u00f5es Exteriores, para prioriza\u00e7\u00e3o de recebimento de pe\u00e7as, o Minist\u00e9rio da Justi\u00e7a para escoltas e seguran\u00e7a da distribui\u00e7\u00e3o de equipamentos e insumos, e o Minist\u00e9rio da Defesa que fornece armaz\u00e9ns nas capitais para estoque de materiais e a log\u00edstica de distribui\u00e7\u00e3o para o pa\u00eds, por meio da FAB (For\u00e7a A\u00e9rea Brasileira), quando necess\u00e1rio.<\/p>\n\n\n\n<p>No in\u00edcio da pandemia, o Brasil contava com 65.411 respiradores pulmonares, sendo que 46.663 estavam dispon\u00edveis no SUS. Al\u00e9m da aquisi\u00e7\u00e3o de respiradores, o Minist\u00e9rio da Sa\u00fade habilitou 3.695 leitos de UTI para atendimento exclusivo a pacientes com coronav\u00edrus e adquiriu 340 leitos de UTI volantes, que s\u00e3o de instala\u00e7\u00e3o r\u00e1pida para fortalecer a rede hospitalar em sa\u00fade. Cada um destes leitos conta com um respirador.<\/p>\n\n\n\n<p><strong><em>Por Silvia Pacheco, da Ag\u00eancia Sa\u00fade<\/em><\/strong><strong>Atendimento \u00e0 imprensa<br>(61) 3315-2745\/2351<\/strong><\/p>\n","protected":false},"excerpt":{"rendered":"<p>A rede p\u00fablica de sa\u00fade brasileira ganhou o refor\u00e7o de mais 304 respiradores pulmonares. Entre s\u00e1bado (16) e segunda-feira (18), o Minist\u00e9rio da Sa\u00fade realizou&hellip; <\/p>\n","protected":false},"author":1,"featured_media":148071,"comment_status":"closed","ping_status":"closed","sticky":false,"template":"","format":"standard","meta":{"sfsi_plus_gutenberg_text_before_share":"","sfsi_plus_gutenberg_show_text_before_share":"","sfsi_plus_gutenberg_icon_type":"","sfsi_plus_gutenberg_icon_alignemt":"","sfsi_plus_gutenburg_max_per_row":"","footnotes":""},"categories":[16],"tags":[],"class_list":["post-170424","post","type-post","status-publish","format-standard","has-post-thumbnail","hentry","category-saude"],"_links":{"self":[{"href":"https:\/\/www.caririemacao.com\/1\/wp-json\/wp\/v2\/posts\/170424","targetHints":{"allow":["GET"]}}],"collection":[{"href":"https:\/\/www.caririemacao.com\/1\/wp-json\/wp\/v2\/posts"}],"about":[{"href":"https:\/\/www.caririemacao.com\/1\/wp-json\/wp\/v2\/types\/post"}],"author":[{"embeddable":true,"href":"https:\/\/www.caririemacao.com\/1\/wp-json\/wp\/v2\/users\/1"}],"replies":[{"embeddable":true,"href":"https:\/\/www.caririemacao.com\/1\/wp-json\/wp\/v2\/comments?post=170424"}],"version-history":[{"count":1,"href":"https:\/\/www.caririemacao.com\/1\/wp-json\/wp\/v2\/posts\/170424\/revisions"}],"predecessor-version":[{"id":170425,"href":"https:\/\/www.caririemacao.com\/1\/wp-json\/wp\/v2\/posts\/170424\/revisions\/170425"}],"wp:featuredmedia":[{"embeddable":true,"href":"https:\/\/www.caririemacao.com\/1\/wp-json\/wp\/v2\/media\/148071"}],"wp:attachment":[{"href":"https:\/\/www.caririemacao.com\/1\/wp-json\/wp\/v2\/media?parent=170424"}],"wp:term":[{"taxonomy":"category","embeddable":true,"href":"https:\/\/www.caririemacao.com\/1\/wp-json\/wp\/v2\/categories?post=170424"},{"taxonomy":"post_tag","embeddable":true,"href":"https:\/\/www.caririemacao.com\/1\/wp-json\/wp\/v2\/tags?post=170424"}],"curies":[{"name":"wp","href":"https:\/\/api.w.org\/{rel}","templated":true}]}}