{"id":170432,"date":"2020-05-19T17:02:15","date_gmt":"2020-05-19T20:02:15","guid":{"rendered":"https:\/\/www.caririemacao.com\/1\/?p=170432"},"modified":"2020-05-19T17:02:15","modified_gmt":"2020-05-19T20:02:15","slug":"parlamentar-quebra-jarra-de-vidro-na-cabeca-de-companheiro-durante-sessao-em-tocantins","status":"publish","type":"post","link":"https:\/\/www.caririemacao.com\/1\/2020\/05\/19\/parlamentar-quebra-jarra-de-vidro-na-cabeca-de-companheiro-durante-sessao-em-tocantins\/","title":{"rendered":"Parlamentar quebra jarra de vidro na cabe\u00e7a de companheiro durante sess\u00e3o em Tocantins"},"content":{"rendered":"\n<p>A C\u00e2mara de Vereadores de Augustin\u00f3polis, na regi\u00e3o norte do Tocantins, registrou, na \u00faltima ter\u00e7a-feira (12), uma confus\u00e3o entre dois parlamentares durante uma sess\u00e3o. Em um v\u00eddeo da briga \u00e9 poss\u00edvel ver que um deles \u00e9 agredido com uma jarra de vidro.<\/p>\n\n\n\n<p>A confus\u00e3o envolveu os pol\u00edticos Elias Madeira, que \u00e9 presidente da C\u00e2mara, e Jos\u00e9 Waldir.No v\u00eddeo, obtido&nbsp;\u00e9 poss\u00edvel ver o presidente da casa falando que o outro parlamentar deveria ficar calado.<\/p>\n\n\n\n<p>Momentos depois ele se levanta e vai at\u00e9 o pol\u00edtico. Jos\u00e9 Waldir d\u00e1 um soco em Elias e logo o pol\u00edtico pega uma jarra de vidro da mesa e lan\u00e7a contra o vereador.<\/p>\n\n\n\n<p>A jarra quebra em Waldir e outros companheiros de casa correm para apartar a briga. Por conta da confus\u00e3o a sess\u00e3o foi encerrada.<\/p>\n\n\n\n<p>Jos\u00e9 Waldir, que foi agredido com a jarra, explicou que foi provocado pelo colega e disse que a briga ocorreu em um momento de estresse.<\/p>\n\n\n\n<p>Ele sofreu um corte na cabe\u00e7a, mas passa bem.<\/p>\n\n\n\n<p>Jos\u00e9 ainda procurou uma delegacia para registrar o caso.<\/p>\n\n\n\n<p>Com Jornal Times Bras\u00edlia<\/p>\n","protected":false},"excerpt":{"rendered":"<p>A C\u00e2mara de Vereadores de Augustin\u00f3polis, na regi\u00e3o norte do Tocantins, registrou, na \u00faltima ter\u00e7a-feira (12), uma confus\u00e3o entre dois parlamentares durante uma sess\u00e3o. Em&hellip; <\/p>\n","protected":false},"author":1,"featured_media":170433,"comment_status":"closed","ping_status":"closed","sticky":false,"template":"","format":"standard","meta":{"sfsi_plus_gutenberg_text_before_share":"","sfsi_plus_gutenberg_show_text_before_share":"","sfsi_plus_gutenberg_icon_type":"","sfsi_plus_gutenberg_icon_alignemt":"","sfsi_plus_gutenburg_max_per_row":"","footnotes":""},"categories":[11],"tags":[],"class_list":["post-170432","post","type-post","status-publish","format-standard","has-post-thumbnail","hentry","category-politica"],"_links":{"self":[{"href":"https:\/\/www.caririemacao.com\/1\/wp-json\/wp\/v2\/posts\/170432","targetHints":{"allow":["GET"]}}],"collection":[{"href":"https:\/\/www.caririemacao.com\/1\/wp-json\/wp\/v2\/posts"}],"about":[{"href":"https:\/\/www.caririemacao.com\/1\/wp-json\/wp\/v2\/types\/post"}],"author":[{"embeddable":true,"href":"https:\/\/www.caririemacao.com\/1\/wp-json\/wp\/v2\/users\/1"}],"replies":[{"embeddable":true,"href":"https:\/\/www.caririemacao.com\/1\/wp-json\/wp\/v2\/comments?post=170432"}],"version-history":[{"count":1,"href":"https:\/\/www.caririemacao.com\/1\/wp-json\/wp\/v2\/posts\/170432\/revisions"}],"predecessor-version":[{"id":170434,"href":"https:\/\/www.caririemacao.com\/1\/wp-json\/wp\/v2\/posts\/170432\/revisions\/170434"}],"wp:featuredmedia":[{"embeddable":true,"href":"https:\/\/www.caririemacao.com\/1\/wp-json\/wp\/v2\/media\/170433"}],"wp:attachment":[{"href":"https:\/\/www.caririemacao.com\/1\/wp-json\/wp\/v2\/media?parent=170432"}],"wp:term":[{"taxonomy":"category","embeddable":true,"href":"https:\/\/www.caririemacao.com\/1\/wp-json\/wp\/v2\/categories?post=170432"},{"taxonomy":"post_tag","embeddable":true,"href":"https:\/\/www.caririemacao.com\/1\/wp-json\/wp\/v2\/tags?post=170432"}],"curies":[{"name":"wp","href":"https:\/\/api.w.org\/{rel}","templated":true}]}}