{"id":170438,"date":"2020-05-19T17:13:36","date_gmt":"2020-05-19T20:13:36","guid":{"rendered":"https:\/\/www.caririemacao.com\/1\/?p=170438"},"modified":"2020-05-19T17:13:36","modified_gmt":"2020-05-19T20:13:36","slug":"baba-abusa-e-engravida-de-crianca-de-13-anos-de-quem-cuidava","status":"publish","type":"post","link":"https:\/\/www.caririemacao.com\/1\/2020\/05\/19\/baba-abusa-e-engravida-de-crianca-de-13-anos-de-quem-cuidava\/","title":{"rendered":"Bab\u00e1 abusa e engravida de crian\u00e7a de 13 anos de quem cuidava"},"content":{"rendered":"\n<p>Na \u00faltima segunda-feira (18), a bab\u00e1 Leah Cordice, de 20 anos, foi condenada a pagar dois anos e seis meses de pris\u00e3o por se relacionar sexualemente, e engravidar, de um menino de 13 anos, de quem cuidava.<\/p>\n\n\n\n<p>O caso ocorreu em janeiro de 2017 no Reino Unido, mas s\u00f3 foi a tona em 2018, quando a adolescente, que na \u00e9poca tinha 17 anos, negou as acusa\u00e7\u00f5es.<\/p>\n\n\n\n<p>Em sua defesa a mulher disse que fora estuprada pelo menino. J\u00e1 o rapaz disse em sua vers\u00e3o que as rela\u00e7\u00f5es eram for\u00e7adas por ela.<\/p>\n\n\n\n<p>A bab\u00e1 se casou com um namorado em maio de 2017, mas em um exame de DNA foi descoberto que a crian\u00e7a era filha do garoto e n\u00e3o do namorado.<\/p>\n\n\n\n<p>\u201cDe fato, n\u00e3o ouvi nenhuma indica\u00e7\u00e3o de Cordice ou da v\u00edtima de que ela o mantinha em qualquer afeto em particular; as evid\u00eancias de pelo menos uma testemunha eram de obsess\u00e3o f\u00edsica e auto-indulg\u00eancia, em oposi\u00e7\u00e3o ao apego emocional\u201d, disse, Peter Clarke, o juiz que acompanhou o caso.<\/p>\n\n\n\n<p>Nos tribunais o garoto disse que acabou sendo diagnosticado com transtornos psicol\u00f3gicos por conta dos abusos.<\/p>\n\n\n\n<p>J\u00e1 a crian\u00e7a, fruto da rela\u00e7\u00e3o, foi levada a um abrigo ap\u00f3s os testes.<\/p>\n\n\n\n<p>\u201cN\u00e3o vejo minha filha e n\u00e3o tive nenhum envolvimento com ela recentemente. Ver minha filha e depois ter ela tirada da minha vida foi muito dif\u00edcil de lidar. Parece que fui punido pelo que passei. Espero que no futuro eu possa seguir em frente e ter algum relacionamento com ela\u201d, disse.<\/p>\n\n\n\n<p>Jornal Times Bras\u00edlia<\/p>\n","protected":false},"excerpt":{"rendered":"<p>Na \u00faltima segunda-feira (18), a bab\u00e1 Leah Cordice, de 20 anos, foi condenada a pagar dois anos e seis meses de pris\u00e3o por se relacionar&hellip; <\/p>\n","protected":false},"author":1,"featured_media":170439,"comment_status":"closed","ping_status":"closed","sticky":false,"template":"","format":"standard","meta":{"sfsi_plus_gutenberg_text_before_share":"","sfsi_plus_gutenberg_show_text_before_share":"","sfsi_plus_gutenberg_icon_type":"","sfsi_plus_gutenberg_icon_alignemt":"","sfsi_plus_gutenburg_max_per_row":"","footnotes":""},"categories":[12],"tags":[],"class_list":["post-170438","post","type-post","status-publish","format-standard","has-post-thumbnail","hentry","category-policia"],"_links":{"self":[{"href":"https:\/\/www.caririemacao.com\/1\/wp-json\/wp\/v2\/posts\/170438","targetHints":{"allow":["GET"]}}],"collection":[{"href":"https:\/\/www.caririemacao.com\/1\/wp-json\/wp\/v2\/posts"}],"about":[{"href":"https:\/\/www.caririemacao.com\/1\/wp-json\/wp\/v2\/types\/post"}],"author":[{"embeddable":true,"href":"https:\/\/www.caririemacao.com\/1\/wp-json\/wp\/v2\/users\/1"}],"replies":[{"embeddable":true,"href":"https:\/\/www.caririemacao.com\/1\/wp-json\/wp\/v2\/comments?post=170438"}],"version-history":[{"count":1,"href":"https:\/\/www.caririemacao.com\/1\/wp-json\/wp\/v2\/posts\/170438\/revisions"}],"predecessor-version":[{"id":170440,"href":"https:\/\/www.caririemacao.com\/1\/wp-json\/wp\/v2\/posts\/170438\/revisions\/170440"}],"wp:featuredmedia":[{"embeddable":true,"href":"https:\/\/www.caririemacao.com\/1\/wp-json\/wp\/v2\/media\/170439"}],"wp:attachment":[{"href":"https:\/\/www.caririemacao.com\/1\/wp-json\/wp\/v2\/media?parent=170438"}],"wp:term":[{"taxonomy":"category","embeddable":true,"href":"https:\/\/www.caririemacao.com\/1\/wp-json\/wp\/v2\/categories?post=170438"},{"taxonomy":"post_tag","embeddable":true,"href":"https:\/\/www.caririemacao.com\/1\/wp-json\/wp\/v2\/tags?post=170438"}],"curies":[{"name":"wp","href":"https:\/\/api.w.org\/{rel}","templated":true}]}}