{"id":170441,"date":"2020-05-19T17:16:54","date_gmt":"2020-05-19T20:16:54","guid":{"rendered":"https:\/\/www.caririemacao.com\/1\/?p=170441"},"modified":"2020-05-19T17:20:17","modified_gmt":"2020-05-19T20:20:17","slug":"secretaria-de-saude-de-sao-jose-dos-cordeiros-confirma-2-caso-de-covid-19","status":"publish","type":"post","link":"https:\/\/www.caririemacao.com\/1\/2020\/05\/19\/secretaria-de-saude-de-sao-jose-dos-cordeiros-confirma-2-caso-de-covid-19\/","title":{"rendered":"Secretaria de Sa\u00fade de S\u00e3o Jos\u00e9 dos Cordeiros confirma 2\u00b0 caso de Covid-19"},"content":{"rendered":"\n<p>A Prefeitura de S\u00e3o Jos\u00e9 dos Cordeiros atrav\u00e9s da secretaria municipal de sa\u00fade vem informar o segundo caso Positivo do Munic\u00edpio. Trata-se de um paciente do sexo masculino, 65 anos, morador da zona rural, diab\u00e9tico. O paciente teve TR realizado nesta ter\u00e7a-feira 19\/05. O mesmo encontra-se em isolamento domiciliar desde o in\u00edcio dos sintomas. <\/p>\n\n\n\n<p>A SMS refor\u00e7a a import\u00e2ncia de se manter o isolamento domiciliar, evitando aglomera\u00e7\u00f5es e tomando os cuidados necess\u00e1rios para evitar a propaga\u00e7\u00e3o do v\u00edrus. &#8220;Pedimos encarecidamente que a popula\u00e7\u00e3o fa\u00e7a sua parte, usem da sua consci\u00eancia e n\u00e3o coloquem a culpa de tudo s\u00f3 no poder p\u00fablico&#8221;.<\/p>\n","protected":false},"excerpt":{"rendered":"<p>A Prefeitura de S\u00e3o Jos\u00e9 dos Cordeiros atrav\u00e9s da secretaria municipal de sa\u00fade vem informar o segundo caso Positivo do Munic\u00edpio. Trata-se de um paciente&hellip; <\/p>\n","protected":false},"author":1,"featured_media":170442,"comment_status":"closed","ping_status":"closed","sticky":false,"template":"","format":"standard","meta":{"sfsi_plus_gutenberg_text_before_share":"","sfsi_plus_gutenberg_show_text_before_share":"","sfsi_plus_gutenberg_icon_type":"","sfsi_plus_gutenberg_icon_alignemt":"","sfsi_plus_gutenburg_max_per_row":"","footnotes":""},"categories":[6,50],"tags":[],"class_list":["post-170441","post","type-post","status-publish","format-standard","has-post-thumbnail","hentry","category-cidades","category-destaque"],"_links":{"self":[{"href":"https:\/\/www.caririemacao.com\/1\/wp-json\/wp\/v2\/posts\/170441","targetHints":{"allow":["GET"]}}],"collection":[{"href":"https:\/\/www.caririemacao.com\/1\/wp-json\/wp\/v2\/posts"}],"about":[{"href":"https:\/\/www.caririemacao.com\/1\/wp-json\/wp\/v2\/types\/post"}],"author":[{"embeddable":true,"href":"https:\/\/www.caririemacao.com\/1\/wp-json\/wp\/v2\/users\/1"}],"replies":[{"embeddable":true,"href":"https:\/\/www.caririemacao.com\/1\/wp-json\/wp\/v2\/comments?post=170441"}],"version-history":[{"count":2,"href":"https:\/\/www.caririemacao.com\/1\/wp-json\/wp\/v2\/posts\/170441\/revisions"}],"predecessor-version":[{"id":170444,"href":"https:\/\/www.caririemacao.com\/1\/wp-json\/wp\/v2\/posts\/170441\/revisions\/170444"}],"wp:featuredmedia":[{"embeddable":true,"href":"https:\/\/www.caririemacao.com\/1\/wp-json\/wp\/v2\/media\/170442"}],"wp:attachment":[{"href":"https:\/\/www.caririemacao.com\/1\/wp-json\/wp\/v2\/media?parent=170441"}],"wp:term":[{"taxonomy":"category","embeddable":true,"href":"https:\/\/www.caririemacao.com\/1\/wp-json\/wp\/v2\/categories?post=170441"},{"taxonomy":"post_tag","embeddable":true,"href":"https:\/\/www.caririemacao.com\/1\/wp-json\/wp\/v2\/tags?post=170441"}],"curies":[{"name":"wp","href":"https:\/\/api.w.org\/{rel}","templated":true}]}}