{"id":170449,"date":"2020-05-20T01:27:18","date_gmt":"2020-05-20T04:27:18","guid":{"rendered":"https:\/\/www.caririemacao.com\/1\/?p=170449"},"modified":"2020-05-20T01:27:18","modified_gmt":"2020-05-20T04:27:18","slug":"em-monteiro-bom-demais-supermercado-se-destaca-com-medidas-de-enfrentamento-contra-o-covid-19","status":"publish","type":"post","link":"https:\/\/www.caririemacao.com\/1\/2020\/05\/20\/em-monteiro-bom-demais-supermercado-se-destaca-com-medidas-de-enfrentamento-contra-o-covid-19\/","title":{"rendered":"Em Monteiro: Bom Demais Supermercado se destaca com medidas de enfrentamento contra o Covid-19"},"content":{"rendered":"\n<p>A cidade de Monteiro no Cariri Paraibano, vem se destacado, no que diz respeito a medidas de combate e enfrentamento do novo Coronav\u00edrus.<\/p>\n\n\n\n<p>Um exemplo disso foi a medida adotada pelo Bom Demais Supermercado, que mostrou que est\u00e1 preocupado com a sa\u00fade e seguran\u00e7a dos seus clientes, e tamb\u00e9m da popula\u00e7\u00e3o monteirense, adotando medidas de distanciamento social entre os clientes, desde o in\u00edcio da pandemia.  <\/p>\n\n\n\n<figure class=\"wp-block-image size-large\"><img fetchpriority=\"high\" decoding=\"async\" width=\"576\" height=\"1024\" src=\"https:\/\/www.caririemacao.com\/1\/wp-content\/uploads\/2020\/05\/IMG-20200518-WA0173.jpg\" alt=\"\" class=\"wp-image-170452\" srcset=\"https:\/\/www.caririemacao.com\/1\/wp-content\/uploads\/2020\/05\/IMG-20200518-WA0173.jpg 576w, https:\/\/www.caririemacao.com\/1\/wp-content\/uploads\/2020\/05\/IMG-20200518-WA0173-169x300.jpg 169w\" sizes=\"(max-width: 576px) 100vw, 576px\" \/><\/figure>\n\n\n\n<p>Mas um fato que chamou a aten\u00e7\u00e3o, foram as medidas adotadas pelo Bom demais Supermercado, neste \u00faltimo s\u00e1bado, 16. Medidas como: cobertura em todo o local de concentra\u00e7\u00e3o de filas, organiza\u00e7\u00e3o de filas com cadeiras e mantendo o distanciamento de um metro, higieniza\u00e7\u00e3o de carrinhos e cadeiras, m\u00e3os de clientes higienizadas e controle de n\u00famero de clientes dentro do Supermercado. <\/p>\n\n\n\n<figure class=\"wp-block-image size-large\"><img decoding=\"async\" width=\"1024\" height=\"768\" data-src=\"https:\/\/www.caririemacao.com\/1\/wp-content\/uploads\/2020\/05\/IMG-20200518-WA0176.jpg\" alt=\"\" class=\"wp-image-170453 lazyload\" data-srcset=\"https:\/\/www.caririemacao.com\/1\/wp-content\/uploads\/2020\/05\/IMG-20200518-WA0176.jpg 1024w, https:\/\/www.caririemacao.com\/1\/wp-content\/uploads\/2020\/05\/IMG-20200518-WA0176-300x225.jpg 300w, https:\/\/www.caririemacao.com\/1\/wp-content\/uploads\/2020\/05\/IMG-20200518-WA0176-768x576.jpg 768w\" data-sizes=\"(max-width: 1024px) 100vw, 1024px\" src=\"data:image\/svg+xml;base64,PHN2ZyB3aWR0aD0iMSIgaGVpZ2h0PSIxIiB4bWxucz0iaHR0cDovL3d3dy53My5vcmcvMjAwMC9zdmciPjwvc3ZnPg==\" style=\"--smush-placeholder-width: 1024px; --smush-placeholder-aspect-ratio: 1024\/768;\" \/><\/figure>\n\n\n\n<p>\u00c9 por essas e outras medidas, que o Bom Demais Supermercado vem se destacando, n\u00e3o somente pelo pre\u00e7o baixo, qualidade de produto e bom atendimento, como tamb\u00e9m, no combate ao enfrentamento do novo Coronav\u00edrus no munic\u00edpio. <\/p>\n","protected":false},"excerpt":{"rendered":"<p>A cidade de Monteiro no Cariri Paraibano, vem se destacado, no que diz respeito a medidas de combate e enfrentamento do novo Coronav\u00edrus. Um exemplo&hellip; <\/p>\n","protected":false},"author":1,"featured_media":170450,"comment_status":"closed","ping_status":"closed","sticky":false,"template":"","format":"standard","meta":{"sfsi_plus_gutenberg_text_before_share":"","sfsi_plus_gutenberg_show_text_before_share":"","sfsi_plus_gutenberg_icon_type":"","sfsi_plus_gutenberg_icon_alignemt":"","sfsi_plus_gutenburg_max_per_row":"","footnotes":""},"categories":[6,50],"tags":[],"class_list":["post-170449","post","type-post","status-publish","format-standard","has-post-thumbnail","hentry","category-cidades","category-destaque"],"_links":{"self":[{"href":"https:\/\/www.caririemacao.com\/1\/wp-json\/wp\/v2\/posts\/170449","targetHints":{"allow":["GET"]}}],"collection":[{"href":"https:\/\/www.caririemacao.com\/1\/wp-json\/wp\/v2\/posts"}],"about":[{"href":"https:\/\/www.caririemacao.com\/1\/wp-json\/wp\/v2\/types\/post"}],"author":[{"embeddable":true,"href":"https:\/\/www.caririemacao.com\/1\/wp-json\/wp\/v2\/users\/1"}],"replies":[{"embeddable":true,"href":"https:\/\/www.caririemacao.com\/1\/wp-json\/wp\/v2\/comments?post=170449"}],"version-history":[{"count":2,"href":"https:\/\/www.caririemacao.com\/1\/wp-json\/wp\/v2\/posts\/170449\/revisions"}],"predecessor-version":[{"id":170454,"href":"https:\/\/www.caririemacao.com\/1\/wp-json\/wp\/v2\/posts\/170449\/revisions\/170454"}],"wp:featuredmedia":[{"embeddable":true,"href":"https:\/\/www.caririemacao.com\/1\/wp-json\/wp\/v2\/media\/170450"}],"wp:attachment":[{"href":"https:\/\/www.caririemacao.com\/1\/wp-json\/wp\/v2\/media?parent=170449"}],"wp:term":[{"taxonomy":"category","embeddable":true,"href":"https:\/\/www.caririemacao.com\/1\/wp-json\/wp\/v2\/categories?post=170449"},{"taxonomy":"post_tag","embeddable":true,"href":"https:\/\/www.caririemacao.com\/1\/wp-json\/wp\/v2\/tags?post=170449"}],"curies":[{"name":"wp","href":"https:\/\/api.w.org\/{rel}","templated":true}]}}