{"id":170459,"date":"2020-05-20T06:17:28","date_gmt":"2020-05-20T09:17:28","guid":{"rendered":"https:\/\/www.caririemacao.com\/1\/?p=170459"},"modified":"2020-05-20T06:17:28","modified_gmt":"2020-05-20T09:17:28","slug":"pb-registra-mais-de-500-casos-de-covid-19-em-24h-e-supera-marca-de-5-mil-infectados","status":"publish","type":"post","link":"https:\/\/www.caririemacao.com\/1\/2020\/05\/20\/pb-registra-mais-de-500-casos-de-covid-19-em-24h-e-supera-marca-de-5-mil-infectados\/","title":{"rendered":"PB registra mais de 500 casos de Covid-19 em 24h e supera marca de 5 mil infectados"},"content":{"rendered":"\n<p>Com 514 novos casos confirmados de\u00a0coronav\u00edrus\u00a0nas \u00faltimas 24 horas, o estado da Para\u00edba ultrapassou a marca de 5 mil infectados.<\/p>\n\n\n\n<p>O Boletim Epidemiol\u00f3gico da Secretaria de Estado da Sa\u00fade desta ter\u00e7a-feira (19) registra um total de 5.300 casos e 219 mortes com 1.747 pacientes recuperados.<\/p>\n\n\n\n<p>Jo\u00e3o Pessoa aparece no topo da lista com 1.889 casos. Campina Grande tamb\u00e9m vem apresentando um aumento crescente de casos. Hoje a marca chegou em 326.<\/p>\n\n\n\n<p>Os casos de coronav\u00edrus est\u00e3o distribu\u00eddos em 148 munic\u00edpios paraibanos:<\/p>\n\n\n\n<p>\u2013 Aguiar (1); Alagoa Grande (23); Alagoa Nova (4); Alagoinha (29); Alhandra (62); Amparo (10); Ara\u00e7agi (30); Arara (2); Areia (21); Areial (4); Aroeiras (8); Baia da Trai\u00e7\u00e3o (18); Bananeiras (11); Barra de Santana (4); Barra de S\u00e3o Miguel (1); Bayeux (182); Bel\u00e9m (8); Bel\u00e9m do Brejo do Cruz (1); Boa Vista (1); Bom Jesus (1); Boqueir\u00e3o (4); Borborema (1); Brejo do Cruz (3); Caapor\u00e3 (144); Cabedelo (265); Cachoeira dos \u00cdndios (1); Cacimba de Dentro (4); Cai\u00e7ara (12); Cajazeiras (35); Cajazeirinhas (1); Caldas Brand\u00e3o (4); Campina Grande (326); Capim (7); Casserengue (1); Catingueira (1), Catol\u00e9 do Rocha (6); Caturit\u00e9 (1); Concei\u00e7\u00e3o (2); Condado (27); Conde (46); Congo (10); Coremas (11); Coxixola (3); Cruz do Esp\u00edrito Santo (77); Cuit\u00e9 (1); Cuit\u00e9 de Mamanguape (2); Cuiteg\u00ed (16); Curral de Cima (1); Duas Estradas (4); Esperan\u00e7a (13); Gado Bravo (12); Guarabira (205); Gurinh\u00e9m (11); Igaracy (2); Imaculada (4); Ing\u00e1 (6); Itabaiana (43); Itaporanga (4); Itapororoca (18); Itatuba (14); Jacara\u00fa (7); Jeric\u00f3 (1); Jo\u00e3o Pessoa (1889); Joca Claudino (1); Juarez T\u00e1vora (5); Juazeirinho (31); Junco do Serid\u00f3 (4); Juripiranga (20); Juru (1);<\/p>\n\n\n\n<p>\u2013 Lagoa de Dentro (4); Lagoa Seca (10); Lastro (1); Logradouro (3); Lucena (29); Malta (6); Mamanguape (25); Mari (50); Mariz\u00f3polis (4); Massaranduba (9); Mataraca (10); Matinhas (3); Matureia (6); Mogeiro (1); Monteiro (13); Mulungu (6); Natuba (1); Nova Floresta (1), Nova Olinda (1); Olho D\u00b4\u00c1gua (1); Passagem (1); Patos (321); Paulista (4); Pedras de Fogo (75); Pianc\u00f3 (9); Picu\u00ed (1); Pilar (21); Pil\u00f5es (5); Pil\u00f5ezinhos (15); Pirpirituba (7); Pitimbu (43); Pocinhos (1); Pombal (12); Princesa Isabel (5); Puxinan\u00e3 (2); Queimadas (25); Quixaba (5); Rem\u00edgio (20); Riach\u00e3o do Bacamarte (29); Riach\u00e3o do Po\u00e7o (1); Riacho dos Cavalos (2); Rio Tinto (16); Salgado de S\u00e3o Felix (4); Santa Helena (1);<\/p>\n\n\n\n<p>\u2013 Santa Luzia (17); Santa Rita (343); Santa Terezinha (3); S\u00e3o Bento (20); S\u00e3o Jo\u00e3o do Rio do Peixe (6); S\u00e3o Jos\u00e9 da Lagoa Tapada (12); S\u00e3o Jos\u00e9 de Caiana (5); S\u00e3o Jos\u00e9 de Espinharas (2); S\u00e3o Jos\u00e9 de Piranhas (4); S\u00e3o Jos\u00e9 do Bonfim (5); S\u00e3o Jos\u00e9 do Sabugi (39); S\u00e3o Jos\u00e9 dos Cordeiros (1); S\u00e3o Jos\u00e9 dos Ramos (4); S\u00e3o Mamede (6); S\u00e3o Miguel de Taipu (10); S\u00e3o Sebasti\u00e3o de Lagoa de Ro\u00e7a (7); S\u00e3o Vicente do Serid\u00f3 (7); Sap\u00e9 (112); Serra Branca (2); Serra da Ra\u00edz (5); Serra Redonda (2); Serraria (1); Sert\u00e3ozinho (7); Sobrado (4); Sol\u00e2nea (12); Soledade (2); Sousa (81); Tacima (2); Tapero\u00e1 (26); Teixeira (4); Uira\u00fana (2); Umbuzeiro (8); Vista Serrana (1).<\/p>\n\n\n\n<p>Mais 12 \u00f3bitos foram notificados nas \u00faltimas 24 horas:<\/p>\n\n\n\n<p>\u2013 Mulher, idosa, 61 anos, portadora de doen\u00e7a vascular cr\u00f4nica, residente em Santa Rita. Inicio dos sintomas 24\/04, interna em hospital p\u00fablico, veio a \u00f3bito no dia 14\/05.<\/p>\n\n\n\n<p>\u2013 Homem, idoso, 93 anos, sem comorbidade, residente em Santa Rita. Inicio dos sintomas 29\/04, veio a \u00f3bito em sua resid\u00eancia no dia 02\/05.<\/p>\n\n\n\n<p>\u2013 Homem, idoso, 64 anos, sem informa\u00e7\u00e3o de comorbidade, residente em Jo\u00e3o Pessoa. Inicio dos sintomas 06\/05, interna em hospital privado, veio a \u00f3bito no dia 18\/05.<\/p>\n\n\n\n<p>\u2013 Homem, idoso, 83 anos sem informa\u00e7\u00e3o de comorbidade, residente em Bayeux. Inicio dos sintomas 06\/05, interno em hospital privado, veio a \u00f3bito no dia 18\/05.<\/p>\n\n\n\n<p>\u2013 Homem, idoso, 83 anos, diab\u00e9tico, cardiopata, residente em Jo\u00e3o Pessoa. Inicio dos sintomas 14\/05, interno em hospital p\u00fablico, veio a \u00f3bito no dia 17\/05.<\/p>\n\n\n\n<p>\u2013 Mulher, idosa, 76 anos, sem comorbidade, residente em Alagoa Grande. Inicio dos sintomas 01\/05, interna em hospital p\u00fablico, veio a \u00f3bito no dia 17\/05.<\/p>\n\n\n\n<p>\u2013 Mulher, idosa 81 anos, hipertensa, diab\u00e9tica, residente em Guarabira. Inicio dos sintomas 01\/05, interna em hospital p\u00fablico, veio a \u00f3bito no dia 16\/05.<\/p>\n\n\n\n<p>\u2013 Homem, idoso 65 anos, hipertenso, diab\u00e9tico, residente em Jo\u00e3o Pessoa. Inicio dos sintomas 04\/05, interno em hospital p\u00fablico, veio a \u00f3bito no dia 14\/05.<\/p>\n\n\n\n<p>\u2013 Mulher, idosa 63 anos sem informa\u00e7\u00e3o de comorbidade, residente em Santa Rita. Inicio dos sintomas 05\/05, interna em hospital p\u00fablico, veio a \u00f3bito no dia 12\/05.<\/p>\n\n\n\n<p>\u2013 Mulher, idosa, 82 anos. Hipertensa, residente em Pitimbu. Inicio dos sintomas 18\/05, veio a \u00f3bito no pronto atendimento no dia 19\/05.<\/p>\n\n\n\n<p>\u2013 Homem, idoso, 73 anos, sem comorbidade, residente em Tacima. Inicio dos sintomas 26\/04, veio a \u00f3bito no pronto atendimento no dia 19\/05.<\/p>\n\n\n\n<p>\u2013 Homem, 58 anos, diab\u00e9tico, hipertenso, obeso, residente em S\u00e3o Bento. Inicio dos sintomas 04\/05, veio a \u00f3bito no pronto atendimento no dia 12\/05.<\/p>\n\n\n\n<p>\u201cA ocupa\u00e7\u00e3o de leitos de UTI em todo o estado \u00e9 de 67%, se fizermos um recorte apenas dos leitos de UTI para adultos na Regi\u00e3o Metropolitana de Jo\u00e3o Pessoa, 83% est\u00e3o ocupados. Apenas 44,2% da popula\u00e7\u00e3o seguiu a recomenda\u00e7\u00e3o de Isolamento Social\u201d, registra o Boletim.<\/p>\n","protected":false},"excerpt":{"rendered":"<p>Com 514 novos casos confirmados de\u00a0coronav\u00edrus\u00a0nas \u00faltimas 24 horas, o estado da Para\u00edba ultrapassou a marca de 5 mil infectados. O Boletim Epidemiol\u00f3gico da Secretaria&hellip; <\/p>\n","protected":false},"author":2,"featured_media":169800,"comment_status":"closed","ping_status":"closed","sticky":false,"template":"","format":"standard","meta":{"sfsi_plus_gutenberg_text_before_share":"","sfsi_plus_gutenberg_show_text_before_share":"","sfsi_plus_gutenberg_icon_type":"","sfsi_plus_gutenberg_icon_alignemt":"","sfsi_plus_gutenburg_max_per_row":"","footnotes":""},"categories":[16],"tags":[],"class_list":["post-170459","post","type-post","status-publish","format-standard","has-post-thumbnail","hentry","category-saude"],"_links":{"self":[{"href":"https:\/\/www.caririemacao.com\/1\/wp-json\/wp\/v2\/posts\/170459","targetHints":{"allow":["GET"]}}],"collection":[{"href":"https:\/\/www.caririemacao.com\/1\/wp-json\/wp\/v2\/posts"}],"about":[{"href":"https:\/\/www.caririemacao.com\/1\/wp-json\/wp\/v2\/types\/post"}],"author":[{"embeddable":true,"href":"https:\/\/www.caririemacao.com\/1\/wp-json\/wp\/v2\/users\/2"}],"replies":[{"embeddable":true,"href":"https:\/\/www.caririemacao.com\/1\/wp-json\/wp\/v2\/comments?post=170459"}],"version-history":[{"count":1,"href":"https:\/\/www.caririemacao.com\/1\/wp-json\/wp\/v2\/posts\/170459\/revisions"}],"predecessor-version":[{"id":170460,"href":"https:\/\/www.caririemacao.com\/1\/wp-json\/wp\/v2\/posts\/170459\/revisions\/170460"}],"wp:featuredmedia":[{"embeddable":true,"href":"https:\/\/www.caririemacao.com\/1\/wp-json\/wp\/v2\/media\/169800"}],"wp:attachment":[{"href":"https:\/\/www.caririemacao.com\/1\/wp-json\/wp\/v2\/media?parent=170459"}],"wp:term":[{"taxonomy":"category","embeddable":true,"href":"https:\/\/www.caririemacao.com\/1\/wp-json\/wp\/v2\/categories?post=170459"},{"taxonomy":"post_tag","embeddable":true,"href":"https:\/\/www.caririemacao.com\/1\/wp-json\/wp\/v2\/tags?post=170459"}],"curies":[{"name":"wp","href":"https:\/\/api.w.org\/{rel}","templated":true}]}}