{"id":170462,"date":"2020-05-20T06:21:24","date_gmt":"2020-05-20T09:21:24","guid":{"rendered":"https:\/\/www.caririemacao.com\/1\/?p=170462"},"modified":"2020-05-20T06:21:24","modified_gmt":"2020-05-20T09:21:24","slug":"camara-regulamenta-uso-de-mascara-em-todo-o-brasil","status":"publish","type":"post","link":"https:\/\/www.caririemacao.com\/1\/2020\/05\/20\/camara-regulamenta-uso-de-mascara-em-todo-o-brasil\/","title":{"rendered":"C\u00e2mara regulamenta uso de m\u00e1scara em todo o Brasil"},"content":{"rendered":"\n<p><br>A C\u00e2mara dos Deputados aprovou nesta ter\u00e7a-feira (19) o texto-base do projeto que obriga a popula\u00e7\u00e3o a usar m\u00e1scaras em ruas, pr\u00e9dios e no transporte p\u00fablico para conter a pandemia do novo coronav\u00edrus. A proposta prev\u00ea multa de R$ 300 em caso de descumprimento.<\/p>\n\n\n\n<p>O texto-base foi aprovado em vota\u00e7\u00e3o simb\u00f3lica. Os deputados, agora, apreciam mudan\u00e7as no projeto. Na sequ\u00eancia, a proposta segue para o Senado. Se houver mudan\u00e7a, volta \u00e0 C\u00e2mara, antes de seguir a san\u00e7\u00e3o ou veto presidencial.<\/p>\n\n\n\n<p>O projeto inclui o uso obrigat\u00f3rio de m\u00e1scaras de prote\u00e7\u00e3o individual nas medidas adotadas para enfrentamento da emerg\u00eancia p\u00fablica provocada pela Covid-19.<\/p>\n\n\n\n<p>Segundo o texto, o descumprimento da norma acarreta imposi\u00e7\u00e3o de multa de R$ 300, que dobra em caso de reincid\u00eancia.<\/p>\n\n\n\n<p>A multa ser\u00e1 regulamentada por decreto ou ato de governos estaduais ou prefeituras, que dever\u00e3o ainda definir as autoridades respons\u00e1veis pela fiscaliza\u00e7\u00e3o e pelo recolhimento do dinheiro.<\/p>\n\n\n\n<p>O projeto prev\u00ea o fornecimento de m\u00e1scaras a popula\u00e7\u00f5es pobres, como, por exemplo, os benefici\u00e1rios do aux\u00edlio emergencial de R$ 600 e do Bolsa Fam\u00edlia. Onde o Poder P\u00fablico n\u00e3o fornecer o equipamento de prote\u00e7\u00e3o, aqueles que n\u00e3o tiverem recursos para comprar a m\u00e1scara n\u00e3o poder\u00e3o ser multados.<\/p>\n\n\n\n<p>O uso do equipamento \u00e9 dispensado para pessoas com transtorno do espectro autista, defici\u00eancia intelectual, defici\u00eancias sensoriais, ou quaisquer outras que impe\u00e7am o uso adequado de m\u00e1scara de prote\u00e7\u00e3o facial.<\/p>\n\n\n\n<p>Isso precisar\u00e1 ser atestado por declara\u00e7\u00e3o m\u00e9dica, que poder\u00e1 ser obtida digitalmente.<\/p>\n\n\n\n<p>Crian\u00e7as com menos de 3 anos tamb\u00e9m n\u00e3o ser\u00e3o obrigadas a usar m\u00e1scara facial.<\/p>\n\n\n\n<p>O texto determina que os estabelecimentos autorizados a funcionar durante a pandemia dever\u00e3o fornecer m\u00e1scaras de prote\u00e7\u00e3o individual a seus funcion\u00e1rios e colaboradores. Em caso de descumprimento, a multa \u00e9 de R$ 300 por funcion\u00e1rio ou colaborador \u2013e tamb\u00e9m dobra se houver reincid\u00eancia.<\/p>\n\n\n\n<p>Tamb\u00e9m ser\u00e1 necess\u00e1rio regulamentar o dispositivo por decreto ou ato de governos estaduais ou municipais, que v\u00e3o estabelecer a fiscaliza\u00e7\u00e3o e recolhimento da multa.<\/p>\n\n\n\n<p>A obriga\u00e7\u00e3o de fornecimento de m\u00e1scaras se estende a \u00f3rg\u00e3os e entidades p\u00fablicas, que dever\u00e3o priorizar m\u00e1scaras de prote\u00e7\u00e3o produzidas artesanalmente por costureiras ou produtores locais, sempre com pre\u00e7o de mercado.<\/p>\n\n\n\n<p>O projeto diz que as multas s\u00f3 ser\u00e3o aplicadas se n\u00e3o houver normas estaduais ou municipais que estabele\u00e7am penalidade para o descumprimento da medida<\/p>\n\n\n\n<p>Os recursos arrecadados com as multas ser\u00e3o aplicados no enfrentamento da pandemia e os valores ficar\u00e3o dispon\u00edveis em portais de transpar\u00eancia.<\/p>\n\n\n\n<p>O texto estabelece ainda que Executivo poder\u00e1 veicular campanhas publicit\u00e1rias para esclarecer \u00e0 popula\u00e7\u00e3o sobre a necessidade do uso de m\u00e1scaras, obedecendo as recomenda\u00e7\u00f5es do Minist\u00e9rio da Sa\u00fade.<\/p>\n\n\n\n<p>Al\u00e9m disso, possui um dispositivo que prev\u00ea que profissionais de sa\u00fade diagnosticados com Covid-19 ter\u00e3o atendimento preferencial em estabelecimentos de sa\u00fade.<\/p>\n\n\n\n<p>Os deputados inclu\u00edram no texto original uma emenda que obriga o uso de m\u00e1scara de prote\u00e7\u00e3o individual aos trabalhadores de pris\u00f5es e estabelecimentos do tipo, incluindo prestadores de servi\u00e7o desses locais.<\/p>\n\n\n\n<p>Mais cedo, os deputados haviam aprovado um projeto do senador Fernando Collor (PROS-AL) que autoriza restaurantes, supermercados, hospitais e estabelecimentos dedicados \u00e0 produ\u00e7\u00e3o e ao fornecimento de alimentos a doar produtos industrializados e refei\u00e7\u00f5es prontas para&nbsp; consumo da popula\u00e7\u00e3o pobre.<\/p>\n\n\n\n<p>O projeto determina que os itens devem estar dentro do prazo de validade e em condi\u00e7\u00f5es pr\u00f3prias para consumo. A embalagem pode estar danificada, desde que isso n\u00e3o afete as propriedades nutricionais e a seguran\u00e7a sanit\u00e1ria dos produtos.<\/p>\n\n\n\n<p>A doa\u00e7\u00e3o poder\u00e1 ser feita diretamente, em colabora\u00e7\u00e3o com governos locais, ou por meio de bancos de alimentos e outras entidades beneficentes de assist\u00eancia social, ou mesmo por entidades religiosas.<\/p>\n\n\n\n<p>O texto esclarece que a doa\u00e7\u00e3o n\u00e3o configura rela\u00e7\u00e3o de consumo e prev\u00ea puni\u00e7\u00e3o por danos causados pelos itens fornecidos apenas se houver culpa ou dolo.<\/p>\n\n\n\n<p>Os deputados inclu\u00edram dois dispositivos aos projetos. O primeiro cria o Certificado de Boas Pr\u00e1ticas, concedido \u00e0s empresas doadoras de alimentos. Uma emenda aprovada diz que os estabelecimentos, agropecu\u00e1rias e petshops poder\u00e3o fornecer os alimentos a c\u00e3es e gatos de rua. Como foi alterado, o projeto volta ao Senado.<\/p>\n","protected":false},"excerpt":{"rendered":"<p>A C\u00e2mara dos Deputados aprovou nesta ter\u00e7a-feira (19) o texto-base do projeto que obriga a popula\u00e7\u00e3o a usar m\u00e1scaras em ruas, pr\u00e9dios e no transporte&hellip; <\/p>\n","protected":false},"author":2,"featured_media":169056,"comment_status":"closed","ping_status":"closed","sticky":false,"template":"","format":"standard","meta":{"sfsi_plus_gutenberg_text_before_share":"","sfsi_plus_gutenberg_show_text_before_share":"","sfsi_plus_gutenberg_icon_type":"","sfsi_plus_gutenberg_icon_alignemt":"","sfsi_plus_gutenburg_max_per_row":"","footnotes":""},"categories":[50,11],"tags":[],"class_list":["post-170462","post","type-post","status-publish","format-standard","has-post-thumbnail","hentry","category-destaque","category-politica"],"_links":{"self":[{"href":"https:\/\/www.caririemacao.com\/1\/wp-json\/wp\/v2\/posts\/170462","targetHints":{"allow":["GET"]}}],"collection":[{"href":"https:\/\/www.caririemacao.com\/1\/wp-json\/wp\/v2\/posts"}],"about":[{"href":"https:\/\/www.caririemacao.com\/1\/wp-json\/wp\/v2\/types\/post"}],"author":[{"embeddable":true,"href":"https:\/\/www.caririemacao.com\/1\/wp-json\/wp\/v2\/users\/2"}],"replies":[{"embeddable":true,"href":"https:\/\/www.caririemacao.com\/1\/wp-json\/wp\/v2\/comments?post=170462"}],"version-history":[{"count":1,"href":"https:\/\/www.caririemacao.com\/1\/wp-json\/wp\/v2\/posts\/170462\/revisions"}],"predecessor-version":[{"id":170463,"href":"https:\/\/www.caririemacao.com\/1\/wp-json\/wp\/v2\/posts\/170462\/revisions\/170463"}],"wp:featuredmedia":[{"embeddable":true,"href":"https:\/\/www.caririemacao.com\/1\/wp-json\/wp\/v2\/media\/169056"}],"wp:attachment":[{"href":"https:\/\/www.caririemacao.com\/1\/wp-json\/wp\/v2\/media?parent=170462"}],"wp:term":[{"taxonomy":"category","embeddable":true,"href":"https:\/\/www.caririemacao.com\/1\/wp-json\/wp\/v2\/categories?post=170462"},{"taxonomy":"post_tag","embeddable":true,"href":"https:\/\/www.caririemacao.com\/1\/wp-json\/wp\/v2\/tags?post=170462"}],"curies":[{"name":"wp","href":"https:\/\/api.w.org\/{rel}","templated":true}]}}