{"id":170465,"date":"2020-05-20T06:25:06","date_gmt":"2020-05-20T09:25:06","guid":{"rendered":"https:\/\/www.caririemacao.com\/1\/?p=170465"},"modified":"2020-05-20T06:25:06","modified_gmt":"2020-05-20T09:25:06","slug":"estado-espera-ha-mais-de-40-dias-diz-governador-sobre-ajuda-financeira-da-uniao","status":"publish","type":"post","link":"https:\/\/www.caririemacao.com\/1\/2020\/05\/20\/estado-espera-ha-mais-de-40-dias-diz-governador-sobre-ajuda-financeira-da-uniao\/","title":{"rendered":"\u201cEstado espera h\u00e1 mais de 40 dias\u201d, diz governador sobre ajuda financeira da Uni\u00e3o"},"content":{"rendered":"\n<p>O governador Jo\u00e3o Azev\u00eado debateu, nesta segunda-feira (18), a respeito do enfrentamento da pandemia da Covid-19 durante entrevista concedida \u00e0 CNN. Na ocasi\u00e3o, foram discutidas as medidas implantadas pelo governo estadual para diminuir a dissemina\u00e7\u00e3o do novo coronav\u00edrus, a ajuda financeira da Uni\u00e3o para os estados e a necessidade da amplia\u00e7\u00e3o do aux\u00edlio emergencial pago pelo Governo Federal.<\/p>\n\n\n\n<p>O programa Vis\u00e3o CNN tamb\u00e9m teve a participa\u00e7\u00e3o do governador do Maranh\u00e3o, Fl\u00e1vio Dino.<\/p>\n\n\n\n<p>Questionado sobre a ajuda financeira da Uni\u00e3o para os estados, Jo\u00e3o Azev\u00eado falou que aguarda a san\u00e7\u00e3o da medida.<\/p>\n\n\n\n<p>\u201cO Estado espera h\u00e1 mais de 40 dias, quando o Governo Federal lan\u00e7ou um pacote de aux\u00edlio aos estados e munic\u00edpios, onde estava contido um conjunto de medidas que at\u00e9 agora efetivamente n\u00e3o se concretizaram. \u00c0 medida que o tempo passa, maior \u00e9 o d\u00e9ficit de cada estado, isso \u00e9 natural, eu espero que realmente seja sancionado o mais r\u00e1pido poss\u00edvel para que a gente possa come\u00e7ar a repor, pelo menos em parte, as perdas que os estados v\u00eam tendo com arrecada\u00e7\u00e3o do ICMS, com a diminui\u00e7\u00e3o da pr\u00f3pria economia. Sabemos que essas medidas n\u00e3o resolver\u00e3o 100% os problemas dos estados, entretanto, vir\u00e3o para minimizar essa quest\u00e3o\u201d, pontuou.<\/p>\n\n\n\n<p>\u201cIsso vai ser visto em fun\u00e7\u00e3o do perfil epidemiol\u00f3gico, do que vai acontecer com o pa\u00eds e estados daqui para frente. Ainda estamos subindo uma ladeira de contamina\u00e7\u00e3o e n\u00e3o sabemos quando ser\u00e1 o ponto em que come\u00e7ar\u00e1 a ter um decr\u00e9scimo dessa curva. Esperamos que essa medida dos tr\u00eas meses seja suficiente, mas quem ir\u00e1 indicar isso s\u00e3o os n\u00fameros. Ent\u00e3o a extens\u00e3o desse aux\u00edlio pode ser necess\u00e1ria, caso o perfil epidemiol\u00f3gico exija esse fato\u201d, falou.<\/p>\n\n\n\n<p>Ele ainda refor\u00e7ou a import\u00e2ncia do isolamento social para conter a dissemina\u00e7\u00e3o do novo coronav\u00edrus e a necessidade de medidas restritivas que evitem aglomera\u00e7\u00f5es.<\/p>\n\n\n\n<p>\u201cReeditamos nosso decreto e estamos com medidas mais restritivas at\u00e9 o dia 31 de maio. Suspendemos o transporte intermunicipal; suspendemos a constru\u00e7\u00e3o civil na regi\u00e3o metropolitana de Jo\u00e3o Pessoa e tamb\u00e9m em Campina Grande, porque identificamos focos de contamina\u00e7\u00e3o muito altos nesse segmento; suspendemos o transporte de balsas entre regi\u00f5es do estado; tornamos obrigat\u00f3rio o uso de m\u00e1scaras em ambientes p\u00fablicos, inclusive com a aplica\u00e7\u00e3o de multas. N\u00e3o decretamos lockdown, fizemos o endurecimento das medidas de isolamento social\u201d, explicou Jo\u00e3o Azev\u00eado.<\/p>\n\n\n\n<p><strong>Uso da cloroquina \u2013<\/strong>&nbsp;Durante entrevista concedida \u00e0 CNN, foi discutida a utiliza\u00e7\u00e3o do medicamento Cloroquina em pessoas com est\u00e1gio inicial da doen\u00e7a. Sobre o assunto, Jo\u00e3o Azev\u00eado comentou que na Para\u00edba existe um protocolo elaborado por uma equipe da Secretaria de Estado da Sa\u00fade que incluiu a Cloroquina em alguns casos, mas a utiliza\u00e7\u00e3o depende da autoriza\u00e7\u00e3o dos pacientes.<\/p>\n\n\n\n<p>\u201cPor falta de estudos que sejam conclusivos, ele n\u00e3o tem a garantia da efic\u00e1cia, entretanto h\u00e1 uma aplica\u00e7\u00e3o sim em determinados casos. Sabemos que apenas em ambientes hospitalares esse medicamento pode ser ministrado, at\u00e9 porque as consequ\u00eancias que acontecem em termos de arritmia card\u00edaca, termos de danos na retina est\u00e3o sendo comprovados em pacientes que fazem uso desse medicamento, por isso temos que ter um cuidado muito grande\u201d, afirmou.<\/p>\n\n\n\n<p>O chefe do Executivo estadual tamb\u00e9m frisou a import\u00e2ncia do Comit\u00ea Cient\u00edfico criado pelo Cons\u00f3rcio Nordeste, que d\u00e1 suporte e subsidia a tomada de decis\u00e3o por parte dos governadores.<\/p>\n\n\n\n<p>\u201cTemos que fazer a an\u00e1lise, eu n\u00e3o tenho d\u00favida que, se comprovada a efic\u00e1cia do medicamento, os m\u00e9dicos far\u00e3o a sua recomenda\u00e7\u00e3o. Nesse momento, os m\u00e9dicos \u00e9 quem t\u00eam a palavra final para utiliza\u00e7\u00e3o da Cloroquina. Espero que o pr\u00f3ximo protocolo que saia do Minist\u00e9rio da Sa\u00fade tenha esse respaldo e d\u00ea garantia tamb\u00e9m para que os m\u00e9dicos e os estados possam analisar da melhor maneira poss\u00edvel\u201d, concluiu.<\/p>\n","protected":false},"excerpt":{"rendered":"<p>O governador Jo\u00e3o Azev\u00eado debateu, nesta segunda-feira (18), a respeito do enfrentamento da pandemia da Covid-19 durante entrevista concedida \u00e0 CNN. Na ocasi\u00e3o, foram discutidas&hellip; <\/p>\n","protected":false},"author":2,"featured_media":170466,"comment_status":"closed","ping_status":"closed","sticky":false,"template":"","format":"standard","meta":{"sfsi_plus_gutenberg_text_before_share":"","sfsi_plus_gutenberg_show_text_before_share":"","sfsi_plus_gutenberg_icon_type":"","sfsi_plus_gutenberg_icon_alignemt":"","sfsi_plus_gutenburg_max_per_row":"","footnotes":""},"categories":[50,11],"tags":[],"class_list":["post-170465","post","type-post","status-publish","format-standard","has-post-thumbnail","hentry","category-destaque","category-politica"],"_links":{"self":[{"href":"https:\/\/www.caririemacao.com\/1\/wp-json\/wp\/v2\/posts\/170465","targetHints":{"allow":["GET"]}}],"collection":[{"href":"https:\/\/www.caririemacao.com\/1\/wp-json\/wp\/v2\/posts"}],"about":[{"href":"https:\/\/www.caririemacao.com\/1\/wp-json\/wp\/v2\/types\/post"}],"author":[{"embeddable":true,"href":"https:\/\/www.caririemacao.com\/1\/wp-json\/wp\/v2\/users\/2"}],"replies":[{"embeddable":true,"href":"https:\/\/www.caririemacao.com\/1\/wp-json\/wp\/v2\/comments?post=170465"}],"version-history":[{"count":1,"href":"https:\/\/www.caririemacao.com\/1\/wp-json\/wp\/v2\/posts\/170465\/revisions"}],"predecessor-version":[{"id":170467,"href":"https:\/\/www.caririemacao.com\/1\/wp-json\/wp\/v2\/posts\/170465\/revisions\/170467"}],"wp:featuredmedia":[{"embeddable":true,"href":"https:\/\/www.caririemacao.com\/1\/wp-json\/wp\/v2\/media\/170466"}],"wp:attachment":[{"href":"https:\/\/www.caririemacao.com\/1\/wp-json\/wp\/v2\/media?parent=170465"}],"wp:term":[{"taxonomy":"category","embeddable":true,"href":"https:\/\/www.caririemacao.com\/1\/wp-json\/wp\/v2\/categories?post=170465"},{"taxonomy":"post_tag","embeddable":true,"href":"https:\/\/www.caririemacao.com\/1\/wp-json\/wp\/v2\/tags?post=170465"}],"curies":[{"name":"wp","href":"https:\/\/api.w.org\/{rel}","templated":true}]}}