{"id":170469,"date":"2020-05-20T06:28:59","date_gmt":"2020-05-20T09:28:59","guid":{"rendered":"https:\/\/www.caririemacao.com\/1\/?p=170469"},"modified":"2020-05-20T06:28:59","modified_gmt":"2020-05-20T09:28:59","slug":"brasil-ultrapassa-a-marca-de-mais-de-mil-mortes-diarias-por-coronavirus","status":"publish","type":"post","link":"https:\/\/www.caririemacao.com\/1\/2020\/05\/20\/brasil-ultrapassa-a-marca-de-mais-de-mil-mortes-diarias-por-coronavirus\/","title":{"rendered":"Brasil ultrapassa a marca de mais de mil mortes di\u00e1rias por coronav\u00edrus"},"content":{"rendered":"\n<p>O Brasil rompeu nesta ter\u00e7a-feira (19) a marca simb\u00f3lica de mais de mil mortes di\u00e1rias por Covid-19. O pa\u00eds registrou 1.179 novos \u00f3bitos nas \u00faltimas 24 horas, segundo o Minist\u00e9rio da Sa\u00fade. Ao todo, s\u00e3o 17.971 \u00f3bitos por coronav\u00edrus e 271.628 casos confirmados.<\/p>\n\n\n\n<p>Neste momento \u00e9 poss\u00edvel afirmar que o novo coronav\u00edrus \u00e9 a maior causa de mortalidade hoje no Brasil, superando o conjunto de todas as doen\u00e7as cardiovasculares, como infartos e AVCs, que matam 980 brasileiros por dia.<\/p>\n\n\n\n<p>No mundo, EUA, Reino Unido e Fran\u00e7a tamb\u00e9m registraram mais de mil mortes por coronav\u00edrus por dia, segundo dados da Universidade Johns Hopkins. Os EUA levaram 70 dias desde o primeiro caso confirmado para atingir a marca, o Reino Unido, 68 dias, a Fran\u00e7a, 69, e o Brasil, 83 dias.<\/p>\n\n\n\n<p>Tamb\u00e9m ficaram para tr\u00e1s as mortes di\u00e1rias por c\u00e2ncer (624) e aquelas por causas externas, como acidentes e viol\u00eancia (424). Os n\u00fameros se referem a dados de 2018, os mais recentes no DataSUS, plataforma do Minist\u00e9rio da Sa\u00fade.<\/p>\n\n\n\n<p>O total de mortes di\u00e1rio causado pela pandemia no pa\u00eds tamb\u00e9m \u00e9 muito maior do que o de grandes trag\u00e9dias da hist\u00f3ria recente do pa\u00eds. Em 25 de janeiro de 2019, centenas de pessoas foram atingidas pela lama ap\u00f3s o rompimento de uma barragem da mineradora Vale em Brumadinho, que resultou em 259 mortos e 11 desaparecidos.<\/p>\n\n\n\n<p>Outros acidentes marcantes foram o do voo 3054 da a\u00e9rea Tam (hoje Latam), que matou 199 pessoas em S\u00e3o Paulo, em 2007. Em 2013, um inc\u00eandio na boate Kiss, em Santa Maria (RS), matou 254 pessoas. Numa matem\u00e1tica macabra, as tr\u00eas trag\u00e9dias somadas d\u00e3o um total de mortos ainda menor do que a atual perda di\u00e1ria para a Covid-19.<\/p>\n\n\n\n<p>Uma grande cat\u00e1strofe que praticamente equivale a um dia de pandemia no pa\u00eds foi aquela provocada por chuvas e deslizamentos na regi\u00e3o serrana do Rio de Janeiro em janeiro de 2011. Mais de 900 pessoas morreram e milhares ficaram desabrigadas.<\/p>\n\n\n\n<p>A pandemia de Covid-19 caminha a passos largos para entrar no t\u00e9trico ranking de maiores epidemias n\u00e3o s\u00f3 no mundo mas tamb\u00e9m no Brasil, onde j\u00e1 acumula mais de 17.971 mil mortes.<\/p>\n\n\n\n<p>Talvez a maior e mais dif\u00edcil de mensurar seja a mortandade por var\u00edola e outras doen\u00e7as trazidas pelos europeus ao continente americano. Estima-se que 90% da popula\u00e7\u00e3o nativa tenha morrido \u2013 isso no Brasil pode significar algo na ordem de 9 milh\u00f5es de vidas.<\/p>\n\n\n\n<p>A var\u00edola continuou assustando a popula\u00e7\u00e3o, com surtos que chegaram at\u00e9 o come\u00e7o do s\u00e9culo 20. S\u00f3 no Rio de Janeiro, em 1904, morreram 3.500 pessoas. A doen\u00e7a, desfigurante e letal em cerca de 30% dos casos, foi considerada erradicada no pa\u00eds em 1977.<\/p>\n\n\n\n<p>Uma outra doen\u00e7a transmitida por via a\u00e9rea e que devastou o Brasil e o mundo foi a gripe espanhola, causada pelo v\u00edrus H1N1, logo ap\u00f3s a Primeira Guerra Mundial. No mundo, o total de mortos pode superar os 50 milh\u00f5es; no pa\u00eds, calcula-se que 35 mil morreram.<\/p>\n\n\n\n<p>Menos intensa, mas relevante at\u00e9 os dias de hoje, a febre amarela matou 55 mil pessoas entre meados do s\u00e9culo 19 e in\u00edcio do s\u00e9culo 20, conta Andr\u00e9 Mota, historiador e professor da Faculdade de Medicina da USP.<\/p>\n\n\n\n<p>Na hist\u00f3ria brasileira, lembra o professor, tamb\u00e9m houve surtos de doen\u00e7as como poliomielite, que s\u00f3 foi controlada ap\u00f3s a chegada de vacinas, em meados do s\u00e9culo passado, e meningite, que at\u00e9 hoje faz v\u00edtimas, apesar da prote\u00e7\u00e3o conferida pela imuniza\u00e7\u00e3o. Ambas as doen\u00e7as mataram milhares de pessoas.<\/p>\n\n\n\n<p>No Cear\u00e1, na d\u00e9cada de 30, milhares de pessoas morreram em campos de concentra\u00e7\u00e3o. Migrantes que rumavam para Fortaleza eram direcionados a esses locais ap\u00f3s promessa de trabalho e alimento, mas muitos morreram de fome e de doen\u00e7as como c\u00f3lera. Hoje em dia acontece a Caminhada das Almas todo m\u00eas de novembro em mem\u00f3ria dessas pessoas.<\/p>\n\n\n\n<p>&#8220;Um fen\u00f4meno pand\u00eamico traz a urg\u00eancia e a necessidade de esfor\u00e7os conjuntos de diversas \u00e1reas de atua\u00e7\u00e3o m\u00e9dica e sanit\u00e1ria. Isso exige mudan\u00e7as que devem afetar certos protocolos e exige monitoramento constante. H\u00e1 que se ter as informa\u00e7\u00f5es sobre esse andamento de cada \u00e1rea hospitalar e de sa\u00fade. N\u00e3o acredito que seja um abandono das outras doen\u00e7as, at\u00e9 porque seria um equ\u00edvoco. \u00c9 a gravidade da situa\u00e7\u00e3o que impera no momento. \u00c9 uma preocupa\u00e7\u00e3o importante, mas que exige racioc\u00ednio cl\u00ednico e sanit\u00e1rio complexo&#8221;, afirma Mota.<\/p>\n\n\n\n<p>Airton Stein, professor de sa\u00fade p\u00fablica da UFCSPA (Universidade Federal de Ci\u00eancias da Sa\u00fade de Porto Alegre), explica que a pandemia tem efeitos intrincados na sa\u00fade da popula\u00e7\u00e3o. Pessoas com est\u00e1gios iniciais de AVC podem deixar de procurar atendimento, e os hipertensos, que somam cerca de 30% da popula\u00e7\u00e3o brasileira, deixam de descobrir a doen\u00e7a e tem o risco de morte \u2013 inclusive por Covid-19 \u2013 aumentado.<\/p>\n\n\n\n<p>O mesmo racioc\u00ednio pode valer para outras condi\u00e7\u00f5es cr\u00f4nicas, como diabetes. A telemedicina at\u00e9 o momento n\u00e3o supriu as car\u00eancias do sistema de sa\u00fade, que, em sua avalia\u00e7\u00e3o, sofre com a falta de financiamento. Integram e sobrecarregam esse panorama o sedentarismo, a dieta inadequada e o d\u00e9ficit na sa\u00fade mental, com aumento de ansiedade e depress\u00e3o.<\/p>\n\n\n\n<p>&#8220;Para lidar com a pandemia, al\u00e9m de higiene e etiqueta respirat\u00f3ria, \u00e9 preciso de um servi\u00e7o de aten\u00e7\u00e3o prim\u00e1ria \u00e0 sa\u00fade efetivo, al\u00e9m do trabalho de m\u00e9dicos intensivistas. A Covid-19 \u00e9 identificada como respirat\u00f3ria, mas tem impacto em v\u00e1rios sistemas, como o gastrintestinal. Sua hist\u00f3ria natural ainda est\u00e1 sendo conhecida&#8221;, diz Stein.<\/p>\n\n\n\n<p>Para o professor, h\u00e1 o risco de a situa\u00e7\u00e3o de doen\u00e7as negligenciadas e epidemiologicamente relevantes, como mal\u00e1ria, doen\u00e7a de Chagas e tuberculose, se agravar neste per\u00edodo. &#8220;S\u00e3o doen\u00e7as que requerem monitoramento e um manejo espec\u00edfico, e ades\u00e3o ao tratamento.&#8221;<\/p>\n","protected":false},"excerpt":{"rendered":"<p>O Brasil rompeu nesta ter\u00e7a-feira (19) a marca simb\u00f3lica de mais de mil mortes di\u00e1rias por Covid-19. O pa\u00eds registrou 1.179 novos \u00f3bitos nas \u00faltimas&hellip; <\/p>\n","protected":false},"author":2,"featured_media":168640,"comment_status":"closed","ping_status":"closed","sticky":false,"template":"","format":"standard","meta":{"sfsi_plus_gutenberg_text_before_share":"","sfsi_plus_gutenberg_show_text_before_share":"","sfsi_plus_gutenberg_icon_type":"","sfsi_plus_gutenberg_icon_alignemt":"","sfsi_plus_gutenburg_max_per_row":"","footnotes":""},"categories":[50,16],"tags":[],"class_list":["post-170469","post","type-post","status-publish","format-standard","has-post-thumbnail","hentry","category-destaque","category-saude"],"_links":{"self":[{"href":"https:\/\/www.caririemacao.com\/1\/wp-json\/wp\/v2\/posts\/170469","targetHints":{"allow":["GET"]}}],"collection":[{"href":"https:\/\/www.caririemacao.com\/1\/wp-json\/wp\/v2\/posts"}],"about":[{"href":"https:\/\/www.caririemacao.com\/1\/wp-json\/wp\/v2\/types\/post"}],"author":[{"embeddable":true,"href":"https:\/\/www.caririemacao.com\/1\/wp-json\/wp\/v2\/users\/2"}],"replies":[{"embeddable":true,"href":"https:\/\/www.caririemacao.com\/1\/wp-json\/wp\/v2\/comments?post=170469"}],"version-history":[{"count":1,"href":"https:\/\/www.caririemacao.com\/1\/wp-json\/wp\/v2\/posts\/170469\/revisions"}],"predecessor-version":[{"id":170470,"href":"https:\/\/www.caririemacao.com\/1\/wp-json\/wp\/v2\/posts\/170469\/revisions\/170470"}],"wp:featuredmedia":[{"embeddable":true,"href":"https:\/\/www.caririemacao.com\/1\/wp-json\/wp\/v2\/media\/168640"}],"wp:attachment":[{"href":"https:\/\/www.caririemacao.com\/1\/wp-json\/wp\/v2\/media?parent=170469"}],"wp:term":[{"taxonomy":"category","embeddable":true,"href":"https:\/\/www.caririemacao.com\/1\/wp-json\/wp\/v2\/categories?post=170469"},{"taxonomy":"post_tag","embeddable":true,"href":"https:\/\/www.caririemacao.com\/1\/wp-json\/wp\/v2\/tags?post=170469"}],"curies":[{"name":"wp","href":"https:\/\/api.w.org\/{rel}","templated":true}]}}