{"id":170472,"date":"2020-05-20T06:40:15","date_gmt":"2020-05-20T09:40:15","guid":{"rendered":"https:\/\/www.caririemacao.com\/1\/?p=170472"},"modified":"2020-05-20T06:40:15","modified_gmt":"2020-05-20T09:40:15","slug":"mais-de-106-mil-pessoas-ja-passaram-pelas-barreiras-sanitarias-para-deteccao-da-covid-19-na-paraiba","status":"publish","type":"post","link":"https:\/\/www.caririemacao.com\/1\/2020\/05\/20\/mais-de-106-mil-pessoas-ja-passaram-pelas-barreiras-sanitarias-para-deteccao-da-covid-19-na-paraiba\/","title":{"rendered":"Mais de 106 mil pessoas j\u00e1 passaram pelas barreiras sanit\u00e1rias para detec\u00e7\u00e3o da Covid-19 na Para\u00edba"},"content":{"rendered":"\n<p>No per\u00edodo de 14 de abril at\u00e9 o dia 18 de maio, as barreiras sanit\u00e1rias instaladas pelo Governo da Para\u00edba, sob a coordena\u00e7\u00e3o da Ag\u00eancia Estadual de Vigil\u00e2ncia Sanit\u00e1ria, desinfectou 42.138 ve\u00edculos entre \u00f4nibus, caminh\u00f5es, vans e carros de passeio nas divisas da Para\u00edba com os Estados de Pernambuco, Rio Grande do Norte e Cear\u00e1. Tamb\u00e9m&nbsp;foram verificadas a temperatura corporal de 106.676 passageiros (numa m\u00e9dia di\u00e1ria superior a 3 mil pessoas), das quais 12 apresentaram temperatura igual ou superior a 37,8 graus (situa\u00e7\u00e3o em que h\u00e1 suspeita de infec\u00e7\u00e3o pela Covid-19).<\/p>\n\n\n\n<p>Das 12 pessoas com suspeita de contamina\u00e7\u00e3o pelo coronav\u00edrus, sete foram identificadas no per\u00edodo de 14 a 31 de abril, quando as barreiras sanit\u00e1rias coordenadas pela Agevisa\/PB desinfetaram 15.192 ve\u00edculos automotores que adentraram o territ\u00f3rio paraibano (numa m\u00e9dia de 893,67 autom\u00f3veis por dia) e verificaram a temperatura corporal de 45.860 pessoas (m\u00e9dia de 2.697,65 pessoas por dia).&nbsp;<\/p>\n\n\n\n<p>As outras cinco pessoas com temperatura corporal elevada foram identificadas no per\u00edodo de 1\u00ba a 18 de maio, quando foram desinfetados 26.956 autom\u00f3veis (m\u00e9dia de 1.497,56 por dia) e verificada a temperatura de 60,816 passageiros (m\u00e9dia de 3.378,67 pessoas por dia). Os dados constam de levantamento divulgado pela diretora-geral da Agevisa\/PB, J\u00f3ria Viana Guerreiro.<\/p>\n\n\n\n<p>Segundo o diretor-t\u00e9cnico de Sa\u00fade da Agevisa\/PB, Geraldo Moreira de Menezes, que \u00e9 respons\u00e1vel pela coordena\u00e7\u00e3o das barreiras sanit\u00e1rias instaladas na Para\u00edba, os n\u00fameros de desinfec\u00e7\u00e3o de ve\u00edculos automotores e de aferi\u00e7\u00e3o da temperatura corporal dos passageiros devem aumentar consideravelmente nos pr\u00f3ximos dias em face da instala\u00e7\u00e3o das novas barreiras previstas no art. 9\u00ba do Decreto n\u00ba 40.242, de 16 de maio de 2020, assinado pelo governador Jo\u00e3o Azev\u00eado, que ser\u00e3o instaladas nas rodovias PB-008 e PB-018 (no munic\u00edpio do Conde), PB-025 (no munic\u00edpio de Lucena), PB-034 (no limite dos munic\u00edpios de Alhandra e Caapor\u00e3) e PB-044 (no limite dos munic\u00edpios de Caapor\u00e3 e Pitimbu). Outra barreira tamb\u00e9m ser\u00e1 instalada no terminal hidrovi\u00e1rio de Cabedelo.&nbsp;<\/p>\n\n\n\n<p><strong>Barreiras em execu\u00e7\u00e3o<\/strong>&nbsp;\u2013 Atualmente&nbsp;est\u00e3o sendo executadas as barreiras sanit\u00e1rias instaladas no Aeroporto Internacional Presidente Castro Pinto (na Regi\u00e3o Metropolitana de Jo\u00e3o Pessoa) e nas divisas da Para\u00edba com os Estados de Pernambuco, Rio Grande do Norte e Cear\u00e1, notadamente nas regi\u00f5es polarizadas pelos munic\u00edpios de Alhandra, Mamanguape, Nova Floresta, Monteiro, Alcantil, Pombal e Cajazeiras, onde s\u00e3o realizados servi\u00e7os de desinfec\u00e7\u00e3o (com solu\u00e7\u00e3o de detergente desinfetante) dos pneus, ma\u00e7anetas e puxadores das portas de todos os ve\u00edculos (\u00f4nibus, caminh\u00f5es, vans, carros de passeio etc.) que adentram o territ\u00f3rio paraibano, al\u00e9m de aferidas as temperaturas corporais dos passageiros e condutores.<\/p>\n\n\n\n<p>Em todas as barreiras tamb\u00e9m s\u00e3o prestados esclarecimentos sobre o que \u00e9 a Covid-19, sobre os cuidados de isolamento social e higiene que devem ser tomados para evit\u00e1-la e sobre os procedimentos que devem ser observados e seguidos nos casos de suspeita ou confirma\u00e7\u00e3o da infec\u00e7\u00e3o pelo novo coronav\u00edrus. No caso de passageiros apresentarem alguma suspeita de infec\u00e7\u00e3o pelo coronav\u00edrus, os profissionais da Vigil\u00e2ncia Sanit\u00e1ria est\u00e3o orientados a oferecer-lhes imediatamente m\u00e1scara cir\u00fargica, a orient\u00e1-los para cumprir quarentena por 14 dias e a comunicar imediatamente o caso \u00e0s vigil\u00e2ncias epidemiol\u00f3gicas dos munic\u00edpios para onde os mesmos se destinam.<\/p>\n","protected":false},"excerpt":{"rendered":"<p>No per\u00edodo de 14 de abril at\u00e9 o dia 18 de maio, as barreiras sanit\u00e1rias instaladas pelo Governo da Para\u00edba, sob a coordena\u00e7\u00e3o da Ag\u00eancia&hellip; <\/p>\n","protected":false},"author":2,"featured_media":170473,"comment_status":"closed","ping_status":"closed","sticky":false,"template":"","format":"standard","meta":{"sfsi_plus_gutenberg_text_before_share":"","sfsi_plus_gutenberg_show_text_before_share":"","sfsi_plus_gutenberg_icon_type":"","sfsi_plus_gutenberg_icon_alignemt":"","sfsi_plus_gutenburg_max_per_row":"","footnotes":""},"categories":[6],"tags":[],"class_list":["post-170472","post","type-post","status-publish","format-standard","has-post-thumbnail","hentry","category-cidades"],"_links":{"self":[{"href":"https:\/\/www.caririemacao.com\/1\/wp-json\/wp\/v2\/posts\/170472","targetHints":{"allow":["GET"]}}],"collection":[{"href":"https:\/\/www.caririemacao.com\/1\/wp-json\/wp\/v2\/posts"}],"about":[{"href":"https:\/\/www.caririemacao.com\/1\/wp-json\/wp\/v2\/types\/post"}],"author":[{"embeddable":true,"href":"https:\/\/www.caririemacao.com\/1\/wp-json\/wp\/v2\/users\/2"}],"replies":[{"embeddable":true,"href":"https:\/\/www.caririemacao.com\/1\/wp-json\/wp\/v2\/comments?post=170472"}],"version-history":[{"count":1,"href":"https:\/\/www.caririemacao.com\/1\/wp-json\/wp\/v2\/posts\/170472\/revisions"}],"predecessor-version":[{"id":170474,"href":"https:\/\/www.caririemacao.com\/1\/wp-json\/wp\/v2\/posts\/170472\/revisions\/170474"}],"wp:featuredmedia":[{"embeddable":true,"href":"https:\/\/www.caririemacao.com\/1\/wp-json\/wp\/v2\/media\/170473"}],"wp:attachment":[{"href":"https:\/\/www.caririemacao.com\/1\/wp-json\/wp\/v2\/media?parent=170472"}],"wp:term":[{"taxonomy":"category","embeddable":true,"href":"https:\/\/www.caririemacao.com\/1\/wp-json\/wp\/v2\/categories?post=170472"},{"taxonomy":"post_tag","embeddable":true,"href":"https:\/\/www.caririemacao.com\/1\/wp-json\/wp\/v2\/tags?post=170472"}],"curies":[{"name":"wp","href":"https:\/\/api.w.org\/{rel}","templated":true}]}}