{"id":170476,"date":"2020-05-20T06:43:48","date_gmt":"2020-05-20T09:43:48","guid":{"rendered":"https:\/\/www.caririemacao.com\/1\/?p=170476"},"modified":"2020-05-20T06:43:48","modified_gmt":"2020-05-20T09:43:48","slug":"quem-e-de-direita-toma-cloroquina-quem-e-de-esquerda-tubaina-diz-bolsonaro","status":"publish","type":"post","link":"https:\/\/www.caririemacao.com\/1\/2020\/05\/20\/quem-e-de-direita-toma-cloroquina-quem-e-de-esquerda-tubaina-diz-bolsonaro\/","title":{"rendered":"Quem \u00e9 de direita toma cloroquina, quem \u00e9 de esquerda, Tuba\u00edna, diz Bolsonaro"},"content":{"rendered":"\n<p>O presidente Jair Bolsonaro (sem partido) afirmou que o ministro interino da Sa\u00fade, general Eduardo Pazuello, assinar\u00e1 na manh\u00e3 da quarta-feira (20) novo protocolo que permitir\u00e1 a utiliza\u00e7\u00e3o da cloroquina em pacientes em est\u00e1gio inicial de cont\u00e1gio do coronav\u00edrus.<\/p>\n\n\n\n<p>Em live com o jornalista Magno Martins nesta ter\u00e7a (19), o presidente ressaltou que o documento n\u00e3o obrigar\u00e1 nenhum paciente a ser medicado com a subst\u00e2ncia, mas dar\u00e1 a liberdade para que ele fa\u00e7a uso do rem\u00e9dio caso julgue necess\u00e1rio.<\/p>\n\n\n\n<p>&#8220;O que \u00e9 a democracia? Voc\u00ea n\u00e3o quer? Voc\u00ea n\u00e3o faz. Voc\u00ea n\u00e3o \u00e9 obrigado a tomar cloroquina&#8221;, disse. &#8220;Quem \u00e9 de direita toma cloroquina. Quem \u00e9 de esquerda toma Tuba\u00edna&#8221;, ironizou, referindo-se a uma marca de refrigerante.<\/p>\n\n\n\n<p>O presidente ressaltou que se fosse o governador de Pernambuco, Paulo C\u00e2mara, tomaria a subst\u00e2ncia. O pol\u00edtico do PSB, que tem criticado a postura de Bolsonaro diante da crise sanit\u00e1ria, anunciou na segunda-feira (18) que foi diagnosticado com a doen\u00e7a.<\/p>\n\n\n\n<p>&#8220;Eu acho que quem falou que era veneno, n\u00e3o pode tomar [cloroquina]. Eu sou crist\u00e3o. O governador pode tomar a cloroquina. Pode ser que n\u00e3o precise. Mas, no seu lugar, eu tomaria&#8221;, afirmou.<\/p>\n\n\n\n<p>Bolsonaro reconheceu que, no futuro, podem concluir que a subst\u00e2ncia serviu apenas como uma esp\u00e9cie de placebo no combate \u00e0 doen\u00e7a. Ele, no entanto, observou que a comunidade m\u00e9dica tamb\u00e9m pode chegar \u00e0 descoberta de que ela foi \u00fatil na cura de pacientes.<\/p>\n\n\n\n<p>A utiliza\u00e7\u00e3o da cloroquina para o tratamento do coronav\u00edrus ainda n\u00e3o tem evid\u00eancias cient\u00edficas que apontem efic\u00e1cia e vai na contram\u00e3o de estudos recentes.<br>Atualmente, o protocolo adotado pela pasta prev\u00ea o uso do medicamento apenas por pacientes graves e cr\u00edticos.<\/p>\n\n\n\n<p>A diverg\u00eancia em torno do uso da cloroquina \u00e9 apontada como o principal motivo da sa\u00edda do oncologista Nelson Teich do comando da Sa\u00fade, na semana passada.<\/p>\n\n\n\n<p>Na live desta ter\u00e7a, o presidente tamb\u00e9m voltou a criticar os governos estaduais que n\u00e3o seguiram decreto assinado por ele aumentando a lista de atividades essenciais durante a crise sanit\u00e1ria.<\/p>\n\n\n\n<p>Segundo ele, os gestores estaduais n\u00e3o podem agir como ditadores n\u00e3o cumprindo a iniciativa. E, caso n\u00e3o concordem com a reabertura de sal\u00f5es de beleza e academias de gin\u00e1stica, devem recorrer ao Legislativo ou ao Judici\u00e1rio para alterar a medida.<\/p>\n\n\n\n<p>&#8220;Agora, quando fala que n\u00e3o vai cumprir, est\u00e1 agindo como ditador&#8221;, disse. &#8220;Eu nunca provoquei governador. Tem um do Sudeste que est\u00e1 o tempo todo provocando e falando abobrinha. \u00c9 o tranca-rua. O estado dele est\u00e1 com problemas&#8221;, acrescentou, referindo-se ao governador de S\u00e3o Paulo, Jo\u00e3o Doria (PSDB).<br>O presidente disse ainda que a Sa\u00fade tem preparado outro protocolo de sa\u00fade com orienta\u00e7\u00f5es para uma retomada das partidas de futebol no pa\u00eds. Ele ressaltou que a c\u00fapula de clubes, como a do Flamengo, tem solicitado um retorno sem a presen\u00e7a de p\u00fablico.<\/p>\n\n\n\n<p>&#8220;Eles querem voltar a jogar futebol. Falei com a Sa\u00fade para ter um protocolo para abrir. Come\u00e7a sem ningu\u00e9m nas arquibancadas&#8221;, afirmou.<\/p>\n","protected":false},"excerpt":{"rendered":"<p>O presidente Jair Bolsonaro (sem partido) afirmou que o ministro interino da Sa\u00fade, general Eduardo Pazuello, assinar\u00e1 na manh\u00e3 da quarta-feira (20) novo protocolo que&hellip; <\/p>\n","protected":false},"author":2,"featured_media":169459,"comment_status":"closed","ping_status":"closed","sticky":false,"template":"","format":"standard","meta":{"sfsi_plus_gutenberg_text_before_share":"","sfsi_plus_gutenberg_show_text_before_share":"","sfsi_plus_gutenberg_icon_type":"","sfsi_plus_gutenberg_icon_alignemt":"","sfsi_plus_gutenburg_max_per_row":"","footnotes":""},"categories":[11],"tags":[],"class_list":["post-170476","post","type-post","status-publish","format-standard","has-post-thumbnail","hentry","category-politica"],"_links":{"self":[{"href":"https:\/\/www.caririemacao.com\/1\/wp-json\/wp\/v2\/posts\/170476","targetHints":{"allow":["GET"]}}],"collection":[{"href":"https:\/\/www.caririemacao.com\/1\/wp-json\/wp\/v2\/posts"}],"about":[{"href":"https:\/\/www.caririemacao.com\/1\/wp-json\/wp\/v2\/types\/post"}],"author":[{"embeddable":true,"href":"https:\/\/www.caririemacao.com\/1\/wp-json\/wp\/v2\/users\/2"}],"replies":[{"embeddable":true,"href":"https:\/\/www.caririemacao.com\/1\/wp-json\/wp\/v2\/comments?post=170476"}],"version-history":[{"count":1,"href":"https:\/\/www.caririemacao.com\/1\/wp-json\/wp\/v2\/posts\/170476\/revisions"}],"predecessor-version":[{"id":170477,"href":"https:\/\/www.caririemacao.com\/1\/wp-json\/wp\/v2\/posts\/170476\/revisions\/170477"}],"wp:featuredmedia":[{"embeddable":true,"href":"https:\/\/www.caririemacao.com\/1\/wp-json\/wp\/v2\/media\/169459"}],"wp:attachment":[{"href":"https:\/\/www.caririemacao.com\/1\/wp-json\/wp\/v2\/media?parent=170476"}],"wp:term":[{"taxonomy":"category","embeddable":true,"href":"https:\/\/www.caririemacao.com\/1\/wp-json\/wp\/v2\/categories?post=170476"},{"taxonomy":"post_tag","embeddable":true,"href":"https:\/\/www.caririemacao.com\/1\/wp-json\/wp\/v2\/tags?post=170476"}],"curies":[{"name":"wp","href":"https:\/\/api.w.org\/{rel}","templated":true}]}}