{"id":170479,"date":"2020-05-20T06:46:57","date_gmt":"2020-05-20T09:46:57","guid":{"rendered":"https:\/\/www.caririemacao.com\/1\/?p=170479"},"modified":"2020-05-20T06:46:57","modified_gmt":"2020-05-20T09:46:57","slug":"mp-acompanha-distribuicao-de-kit-com-cloroquina-por-prefeitura-na-paraiba","status":"publish","type":"post","link":"https:\/\/www.caririemacao.com\/1\/2020\/05\/20\/mp-acompanha-distribuicao-de-kit-com-cloroquina-por-prefeitura-na-paraiba\/","title":{"rendered":"MP acompanha distribui\u00e7\u00e3o de kit com cloroquina por prefeitura na Para\u00edba"},"content":{"rendered":"\n<p>O Minist\u00e9rio P\u00fablico da Para\u00edba est\u00e1 acompanhando as medidas da Prefeitura de S\u00e3o Mamede relacionadas \u00e0 \u00e1rea de sa\u00fade e, especificamente, ao tratamento de casos sintom\u00e1ticos de covid-19. Ao tomar conhecimento de uma suposta distribui\u00e7\u00e3o de kits de medicamentos pela Prefeitura, o promotor de Justi\u00e7a Uirassu de Melo Medeiros buscou informa\u00e7\u00f5es sobre o fato, ouvindo, inclusive, de profissionais de sa\u00fade que o Munic\u00edpio est\u00e1 seguindo um protocolo m\u00e9dico de atendimento aos casos; que n\u00e3o h\u00e1 distribui\u00e7\u00e3o indiscriminada e que a medicina e a ci\u00eancia est\u00e3o sendo levadas em considera\u00e7\u00e3o para o enfrentamento \u00e0 pandemia.<\/p>\n\n\n\n<p>O promotor de Justi\u00e7a cuidou de se cientificar, ainda nessa segunda-feira (18\/05), sobre se a entrega de medicamentos a pacientes est\u00e1 sendo feita com planejamento e crit\u00e9rios e exames que assegurem aos m\u00e9dicos que a medica\u00e7\u00e3o \u00e9 o melhor tratamento. Segundo ele, um dos m\u00e9dicos que atua no munic\u00edpio garantiu que a medica\u00e7\u00e3o s\u00f3 \u00e9 administrada a pacientes sintom\u00e1ticos (que apresentam sintomas, mas que, por causa da demora do exame, ainda n\u00e3o tiveram confirma\u00e7\u00e3o) e ap\u00f3s exames. O m\u00e9dico tamb\u00e9m garantiu que o \u201ckit de medicamentos\u201d n\u00e3o \u00e9 padronizado e que, cada paciente teria seu tratamento individualizado e pelo SUS.<\/p>\n\n\n\n<p>Uirassu Medeiros tamb\u00e9m avaliou posts publicados nas redes sociais pelo prefeito do Munic\u00edpio, Humberto Jeferson, e que, neles, o gestor dizia que a medica\u00e7\u00e3o \u00e9 para pacientes sintom\u00e1ticos e prescrita por m\u00e9dicos, e n\u00e3o distribu\u00edda aleatoriamente, como se divulgou. O representante do MPPB afirmou que continuar\u00e1 acompanhando as medidas tomadas por S\u00e3o Mamede e por outros munic\u00edpios da regi\u00e3o de Patos, onde atua, relacionadas \u00e0 sa\u00fade da popula\u00e7\u00e3o.<\/p>\n\n\n\n<p>Durante esse per\u00edodo de isolamento social, como medida para evitar o cont\u00e1gio em massa da popula\u00e7\u00e3o e o crescimento de casos graves que podem colapsar o sistema de sa\u00fade, as promotorias de Justi\u00e7a est\u00e3o recebendo den\u00fancias e fazendo o atendimento \u00e0 popula\u00e7\u00e3o de forma remota. O cidad\u00e3o s\u00f3 precisa localizar a Promotoria de Justi\u00e7a mais pr\u00f3xima e entrar em contato, atrav\u00e9s de mensagens de WhatsApp ou por e-mail. Os contatos dos \u00f3rg\u00e3os est\u00e3o dispon\u00edveis&nbsp;<a href=\"http:\/\/www.mppb.mp.br\/index.php\/17-estatico\/22106-contatos-das-promotorias-de-justica\">AQUI<\/a>.<\/p>\n\n\n\n<p><em>Wscom<\/em><\/p>\n","protected":false},"excerpt":{"rendered":"<p>O Minist\u00e9rio P\u00fablico da Para\u00edba est\u00e1 acompanhando as medidas da Prefeitura de S\u00e3o Mamede relacionadas \u00e0 \u00e1rea de sa\u00fade e, especificamente, ao tratamento de casos&hellip; <\/p>\n","protected":false},"author":2,"featured_media":170480,"comment_status":"closed","ping_status":"closed","sticky":false,"template":"","format":"standard","meta":{"sfsi_plus_gutenberg_text_before_share":"","sfsi_plus_gutenberg_show_text_before_share":"","sfsi_plus_gutenberg_icon_type":"","sfsi_plus_gutenberg_icon_alignemt":"","sfsi_plus_gutenburg_max_per_row":"","footnotes":""},"categories":[6],"tags":[],"class_list":["post-170479","post","type-post","status-publish","format-standard","has-post-thumbnail","hentry","category-cidades"],"_links":{"self":[{"href":"https:\/\/www.caririemacao.com\/1\/wp-json\/wp\/v2\/posts\/170479","targetHints":{"allow":["GET"]}}],"collection":[{"href":"https:\/\/www.caririemacao.com\/1\/wp-json\/wp\/v2\/posts"}],"about":[{"href":"https:\/\/www.caririemacao.com\/1\/wp-json\/wp\/v2\/types\/post"}],"author":[{"embeddable":true,"href":"https:\/\/www.caririemacao.com\/1\/wp-json\/wp\/v2\/users\/2"}],"replies":[{"embeddable":true,"href":"https:\/\/www.caririemacao.com\/1\/wp-json\/wp\/v2\/comments?post=170479"}],"version-history":[{"count":1,"href":"https:\/\/www.caririemacao.com\/1\/wp-json\/wp\/v2\/posts\/170479\/revisions"}],"predecessor-version":[{"id":170481,"href":"https:\/\/www.caririemacao.com\/1\/wp-json\/wp\/v2\/posts\/170479\/revisions\/170481"}],"wp:featuredmedia":[{"embeddable":true,"href":"https:\/\/www.caririemacao.com\/1\/wp-json\/wp\/v2\/media\/170480"}],"wp:attachment":[{"href":"https:\/\/www.caririemacao.com\/1\/wp-json\/wp\/v2\/media?parent=170479"}],"wp:term":[{"taxonomy":"category","embeddable":true,"href":"https:\/\/www.caririemacao.com\/1\/wp-json\/wp\/v2\/categories?post=170479"},{"taxonomy":"post_tag","embeddable":true,"href":"https:\/\/www.caririemacao.com\/1\/wp-json\/wp\/v2\/tags?post=170479"}],"curies":[{"name":"wp","href":"https:\/\/api.w.org\/{rel}","templated":true}]}}