{"id":170482,"date":"2020-05-20T06:53:32","date_gmt":"2020-05-20T09:53:32","guid":{"rendered":"https:\/\/www.caririemacao.com\/1\/?p=170482"},"modified":"2020-05-20T06:53:32","modified_gmt":"2020-05-20T09:53:32","slug":"mec-vai-abrir-consulta-sobre-data-do-enem","status":"publish","type":"post","link":"https:\/\/www.caririemacao.com\/1\/2020\/05\/20\/mec-vai-abrir-consulta-sobre-data-do-enem\/","title":{"rendered":"MEC vai abrir consulta sobre data do Enem"},"content":{"rendered":"\n<p>O ministro da Educa\u00e7\u00e3o, Abraham Weintraub, anunciou que o governo vai abrir consulta direta, por meio da internet, aos candidatos inscritos no Exame Nacional do Ensino M\u00e9dio (Enem) para decidir a data de realiza\u00e7\u00e3o das provas deste ano.<\/p>\n\n\n\n<p>De acordo com o ministro, a consulta ocorrer\u00e1 na P\u00e1gina do Participante em final&nbsp;de junho. O Minist\u00e9rio da Educa\u00e7\u00e3o (MEC) estima que 5 milh\u00f5es se inscrever\u00e3o.<\/p>\n\n\n\n<p>As provas do Enem est\u00e3o marcadas para 1\u00ba de novembro (linguagens, c\u00f3digos e suas tecnologias; reda\u00e7\u00e3o; ci\u00eancias humanas e suas tecnologias) e&nbsp;8 de novembro&nbsp;(ci\u00eancias da natureza e suas tecnologias; matem\u00e1tica e suas tecnologias). Estudantes podem se inscrever no exame, por meio da&nbsp;<a href=\"https:\/\/enem.inep.gov.br\/participante\/#!\/\" target=\"_blank\" rel=\"noreferrer noopener\">P\u00e1gina do Participante<\/a>, at\u00e9 sexta-feira (22).<\/p>\n","protected":false},"excerpt":{"rendered":"<p>O ministro da Educa\u00e7\u00e3o, Abraham Weintraub, anunciou que o governo vai abrir consulta direta, por meio da internet, aos candidatos inscritos no Exame Nacional do&hellip; <\/p>\n","protected":false},"author":2,"featured_media":170483,"comment_status":"closed","ping_status":"closed","sticky":false,"template":"","format":"standard","meta":{"sfsi_plus_gutenberg_text_before_share":"","sfsi_plus_gutenberg_show_text_before_share":"","sfsi_plus_gutenberg_icon_type":"","sfsi_plus_gutenberg_icon_alignemt":"","sfsi_plus_gutenburg_max_per_row":"","footnotes":""},"categories":[14],"tags":[],"class_list":["post-170482","post","type-post","status-publish","format-standard","has-post-thumbnail","hentry","category-educacao"],"_links":{"self":[{"href":"https:\/\/www.caririemacao.com\/1\/wp-json\/wp\/v2\/posts\/170482","targetHints":{"allow":["GET"]}}],"collection":[{"href":"https:\/\/www.caririemacao.com\/1\/wp-json\/wp\/v2\/posts"}],"about":[{"href":"https:\/\/www.caririemacao.com\/1\/wp-json\/wp\/v2\/types\/post"}],"author":[{"embeddable":true,"href":"https:\/\/www.caririemacao.com\/1\/wp-json\/wp\/v2\/users\/2"}],"replies":[{"embeddable":true,"href":"https:\/\/www.caririemacao.com\/1\/wp-json\/wp\/v2\/comments?post=170482"}],"version-history":[{"count":1,"href":"https:\/\/www.caririemacao.com\/1\/wp-json\/wp\/v2\/posts\/170482\/revisions"}],"predecessor-version":[{"id":170484,"href":"https:\/\/www.caririemacao.com\/1\/wp-json\/wp\/v2\/posts\/170482\/revisions\/170484"}],"wp:featuredmedia":[{"embeddable":true,"href":"https:\/\/www.caririemacao.com\/1\/wp-json\/wp\/v2\/media\/170483"}],"wp:attachment":[{"href":"https:\/\/www.caririemacao.com\/1\/wp-json\/wp\/v2\/media?parent=170482"}],"wp:term":[{"taxonomy":"category","embeddable":true,"href":"https:\/\/www.caririemacao.com\/1\/wp-json\/wp\/v2\/categories?post=170482"},{"taxonomy":"post_tag","embeddable":true,"href":"https:\/\/www.caririemacao.com\/1\/wp-json\/wp\/v2\/tags?post=170482"}],"curies":[{"name":"wp","href":"https:\/\/api.w.org\/{rel}","templated":true}]}}