{"id":170486,"date":"2020-05-20T06:59:50","date_gmt":"2020-05-20T09:59:50","guid":{"rendered":"https:\/\/www.caririemacao.com\/1\/?p=170486"},"modified":"2020-05-20T06:59:50","modified_gmt":"2020-05-20T09:59:50","slug":"maia-e-alcolumbre-admitem-adiamento-de-eleicoes-municipais","status":"publish","type":"post","link":"https:\/\/www.caririemacao.com\/1\/2020\/05\/20\/maia-e-alcolumbre-admitem-adiamento-de-eleicoes-municipais\/","title":{"rendered":"Maia e Alcolumbre admitem adiamento de elei\u00e7\u00f5es municipais"},"content":{"rendered":"\n<p>Com o avan\u00e7o da pandemia do novo coronav\u00edrus, a C\u00e2mara e o Senado tentar\u00e3o adiar as elei\u00e7\u00f5es municipais, marcadas para outubro. O presidente da C\u00e2mara, Rodrigo Maia (DEM-RJ), avisou, por\u00e9m, que a ideia \u00e9 evitar a prorroga\u00e7\u00e3o de mandatos de prefeitos e vereadores.<\/p>\n\n\n\n<p><br>&#8220;Na discuss\u00e3o com os l\u00edderes, \u00e9 posi\u00e7\u00e3o quase de unanimidade que devemos ter adiamento, mas sem prorroga\u00e7\u00e3o de nenhum mandato&#8221;, afirmou Maia, nesta ter\u00e7a-feira, 19. O presidente do Senado, Davi Alcolumbre (DEM-AP), foi na mesma linha. &#8220;Temos acompanhado, nos \u00faltimos dias, essa afli\u00e7\u00e3o dos brasileiros em rela\u00e7\u00e3o ao problema de sa\u00fade p\u00fablica e, naturalmente, a preocupa\u00e7\u00e3o com a democracia&#8221;, observou Alcolumbre, ao relatar conversas com Dias Toffoli, presidente do Supremo Tribunal Federal (STF), e com o ministro Luis Roberto Barroso, que est\u00e1 prestes a assumir o comando do Tribunal Superior Eleitoral (TSE).<\/p>\n\n\n\n<p><br>Uma das propostas que j\u00e1 circula entre os parlamentares \u00e9 a de adiar o primeiro turno das elei\u00e7\u00f5es para 15 de novembro e deixar a segunda rodada para o in\u00edcio de dezembro. Agora, C\u00e2mara e o Senado devem criar um grupo de trabalho, com deputados e senadores, para estudar a mudan\u00e7a de calend\u00e1rio eleitoral.<\/p>\n\n\n\n<p><br>Na avalia\u00e7\u00e3o do l\u00edder do Cidadania, deputado Arnaldo Jardim (SP), tudo indica que o atual cronograma ter\u00e1 problemas, uma vez que, al\u00e9m das datas das vota\u00e7\u00f5es, partidos e candidatos precisam cumprir exig\u00eancias antes de outubro. &#8220;N\u00e3o vamos prorrogar mandatos. A ideia \u00e9 jogar a data para frente&#8221;, observou Jardim.<br><br>&#8220;O meu desejo \u00e9 n\u00e3o adiar. Mas \u00e9 ineg\u00e1vel que neste momento, olhando para a frente, h\u00e1 uma possibilidade real de isso ser necess\u00e1rio&#8221;, afirmou Barroso em entrevista ao Estad\u00e3o, no in\u00edcio deste m\u00eas.<br><br>Em mar\u00e7o, Maia n\u00e3o admitia o adiamento da disputa. &#8220;A discuss\u00e3o de adiar as elei\u00e7\u00f5es \u00e9 completamente equivocada. Nestes pr\u00f3ximos meses, o foco do Parlamento, do Poder Executivo e do Judici\u00e1rio ser\u00e1, certamente, o enfrentamento dessa crise, com os Tr\u00eas Poderes trabalhando de forma unida&#8221;, disse o presidente da C\u00e2mara, na \u00e9poca.<\/p>\n","protected":false},"excerpt":{"rendered":"<p>Com o avan\u00e7o da pandemia do novo coronav\u00edrus, a C\u00e2mara e o Senado tentar\u00e3o adiar as elei\u00e7\u00f5es municipais, marcadas para outubro. O presidente da C\u00e2mara,&hellip; <\/p>\n","protected":false},"author":2,"featured_media":152034,"comment_status":"closed","ping_status":"closed","sticky":false,"template":"","format":"standard","meta":{"sfsi_plus_gutenberg_text_before_share":"","sfsi_plus_gutenberg_show_text_before_share":"","sfsi_plus_gutenberg_icon_type":"","sfsi_plus_gutenberg_icon_alignemt":"","sfsi_plus_gutenburg_max_per_row":"","footnotes":""},"categories":[11],"tags":[],"class_list":["post-170486","post","type-post","status-publish","format-standard","has-post-thumbnail","hentry","category-politica"],"_links":{"self":[{"href":"https:\/\/www.caririemacao.com\/1\/wp-json\/wp\/v2\/posts\/170486","targetHints":{"allow":["GET"]}}],"collection":[{"href":"https:\/\/www.caririemacao.com\/1\/wp-json\/wp\/v2\/posts"}],"about":[{"href":"https:\/\/www.caririemacao.com\/1\/wp-json\/wp\/v2\/types\/post"}],"author":[{"embeddable":true,"href":"https:\/\/www.caririemacao.com\/1\/wp-json\/wp\/v2\/users\/2"}],"replies":[{"embeddable":true,"href":"https:\/\/www.caririemacao.com\/1\/wp-json\/wp\/v2\/comments?post=170486"}],"version-history":[{"count":1,"href":"https:\/\/www.caririemacao.com\/1\/wp-json\/wp\/v2\/posts\/170486\/revisions"}],"predecessor-version":[{"id":170487,"href":"https:\/\/www.caririemacao.com\/1\/wp-json\/wp\/v2\/posts\/170486\/revisions\/170487"}],"wp:featuredmedia":[{"embeddable":true,"href":"https:\/\/www.caririemacao.com\/1\/wp-json\/wp\/v2\/media\/152034"}],"wp:attachment":[{"href":"https:\/\/www.caririemacao.com\/1\/wp-json\/wp\/v2\/media?parent=170486"}],"wp:term":[{"taxonomy":"category","embeddable":true,"href":"https:\/\/www.caririemacao.com\/1\/wp-json\/wp\/v2\/categories?post=170486"},{"taxonomy":"post_tag","embeddable":true,"href":"https:\/\/www.caririemacao.com\/1\/wp-json\/wp\/v2\/tags?post=170486"}],"curies":[{"name":"wp","href":"https:\/\/api.w.org\/{rel}","templated":true}]}}