{"id":170490,"date":"2020-05-20T07:10:24","date_gmt":"2020-05-20T10:10:24","guid":{"rendered":"https:\/\/www.caririemacao.com\/1\/?p=170490"},"modified":"2020-05-20T07:10:24","modified_gmt":"2020-05-20T10:10:24","slug":"tse-partidos-devem-reservar-cota-feminina-na-disputa-de-diretorios","status":"publish","type":"post","link":"https:\/\/www.caririemacao.com\/1\/2020\/05\/20\/tse-partidos-devem-reservar-cota-feminina-na-disputa-de-diretorios\/","title":{"rendered":"TSE: partidos devem reservar cota feminina na disputa de diret\u00f3rios"},"content":{"rendered":"\n<p>Por unanimidade, o Tribunal Superior Eleitoral (TSE) decidiu&nbsp;hoje&nbsp;(19) que a cota de 30% de candidaturas de mulheres&nbsp;nas elei\u00e7\u00f5es tamb\u00e9m deve ser aplicada pelos partidos nas disputas pelos cargos em&nbsp;diret\u00f3rios nacionais, regionais e municipais.&nbsp;<\/p>\n\n\n\n<p>A quest\u00e3o foi decidida a partir de uma consulta formulada pela deputada federal L\u00eddice da Mata (PSB-BA). A parlamentar pediu ao TSE que esclare\u00e7a se o m\u00ednimo de 30% de candidaturas femininas estabelecido pela Lei Eleitoral (Lei 9.504\/1997) tamb\u00e9m poderia ser aplicado nas elei\u00e7\u00f5es para os cargos de dire\u00e7\u00e3o dos partidos.&nbsp;<\/p>\n\n\n\n<p>Ao julgar o caso, os ministros seguiram entendimento da relatora e presidente do TSE, Rosa Weber. Para a ministra, embora as legendas tenham autonomia, h\u00e1 uma lacuna legislativa sobre cotas de g\u00eanero para os cargos de dire\u00e7\u00e3o e a Justi\u00e7a Eleitoral deve estimular a participa\u00e7\u00e3o feminina na politica.&nbsp;<\/p>\n\n\n\n<blockquote class=\"wp-block-quote is-layout-flow wp-block-quote-is-layout-flow\"><p>\u201cLargo campo permanece a percorrer rumo \u00e0 revers\u00e3o desse cen\u00e1rio. A presente delibera\u00e7\u00e3o, indiscutivelmente, faz parte dessa trilha de profundas reflex\u00f5es e transforma\u00e7\u00f5es por que passa a promo\u00e7\u00e3o da igualdade de g\u00eanero para corre\u00e7\u00e3o da hist\u00f3rica disparidade entre as representa\u00e7\u00f5es feminina e masculina no Parlamento\u201d, afirmou a relatora.&nbsp;<\/p><\/blockquote>\n\n\n\n<p>O voto foi seguido pelos ministros Lu\u00eds Roberto Barroso, Edson Fachin,&nbsp;Og Fernandes, Luis Felipe Salom\u00e3o,&nbsp;Tarc\u00edsio Vieira e Sergio Banhos.&nbsp;<\/p>\n","protected":false},"excerpt":{"rendered":"<p>Por unanimidade, o Tribunal Superior Eleitoral (TSE) decidiu&nbsp;hoje&nbsp;(19) que a cota de 30% de candidaturas de mulheres&nbsp;nas elei\u00e7\u00f5es tamb\u00e9m deve ser aplicada pelos partidos nas&hellip; <\/p>\n","protected":false},"author":2,"featured_media":151614,"comment_status":"closed","ping_status":"closed","sticky":false,"template":"","format":"standard","meta":{"sfsi_plus_gutenberg_text_before_share":"","sfsi_plus_gutenberg_show_text_before_share":"","sfsi_plus_gutenberg_icon_type":"","sfsi_plus_gutenberg_icon_alignemt":"","sfsi_plus_gutenburg_max_per_row":"","footnotes":""},"categories":[11],"tags":[],"class_list":["post-170490","post","type-post","status-publish","format-standard","has-post-thumbnail","hentry","category-politica"],"_links":{"self":[{"href":"https:\/\/www.caririemacao.com\/1\/wp-json\/wp\/v2\/posts\/170490","targetHints":{"allow":["GET"]}}],"collection":[{"href":"https:\/\/www.caririemacao.com\/1\/wp-json\/wp\/v2\/posts"}],"about":[{"href":"https:\/\/www.caririemacao.com\/1\/wp-json\/wp\/v2\/types\/post"}],"author":[{"embeddable":true,"href":"https:\/\/www.caririemacao.com\/1\/wp-json\/wp\/v2\/users\/2"}],"replies":[{"embeddable":true,"href":"https:\/\/www.caririemacao.com\/1\/wp-json\/wp\/v2\/comments?post=170490"}],"version-history":[{"count":1,"href":"https:\/\/www.caririemacao.com\/1\/wp-json\/wp\/v2\/posts\/170490\/revisions"}],"predecessor-version":[{"id":170491,"href":"https:\/\/www.caririemacao.com\/1\/wp-json\/wp\/v2\/posts\/170490\/revisions\/170491"}],"wp:featuredmedia":[{"embeddable":true,"href":"https:\/\/www.caririemacao.com\/1\/wp-json\/wp\/v2\/media\/151614"}],"wp:attachment":[{"href":"https:\/\/www.caririemacao.com\/1\/wp-json\/wp\/v2\/media?parent=170490"}],"wp:term":[{"taxonomy":"category","embeddable":true,"href":"https:\/\/www.caririemacao.com\/1\/wp-json\/wp\/v2\/categories?post=170490"},{"taxonomy":"post_tag","embeddable":true,"href":"https:\/\/www.caririemacao.com\/1\/wp-json\/wp\/v2\/tags?post=170490"}],"curies":[{"name":"wp","href":"https:\/\/api.w.org\/{rel}","templated":true}]}}