{"id":170494,"date":"2020-05-20T07:31:21","date_gmt":"2020-05-20T10:31:21","guid":{"rendered":"https:\/\/www.caririemacao.com\/1\/?p=170494"},"modified":"2020-05-20T07:31:21","modified_gmt":"2020-05-20T10:31:21","slug":"novo-protocolo-para-cloroquina-sai-nesta-quarta-diz-bolsonaro","status":"publish","type":"post","link":"https:\/\/www.caririemacao.com\/1\/2020\/05\/20\/novo-protocolo-para-cloroquina-sai-nesta-quarta-diz-bolsonaro\/","title":{"rendered":"Novo protocolo para cloroquina sai nesta quarta, diz Bolsonaro"},"content":{"rendered":"\n<p>O presidente Jair Bolsonaro afirmou que o Minist\u00e9rio da Sa\u00fade vai publicar, nesta quarta-feira (20), um novo protocolo para o uso da hidroxicloroquina e da cloroquina em pacientes diagnosticados com o novo coronav\u00edrus. A declara\u00e7\u00e3o foi dada por Bolsonaro durante uma entrevista concedida ao jornalista Magno Martins, de Pernambuco, nas redes sociais.&nbsp;<\/p>\n\n\n\n<p>&#8220;Amanh\u00e3 cedo, o ministro da Sa\u00fade vai assinar o novo protocolo da cloroquina. O \u00faltimo protocolo era de 31 de mar\u00e7o, permitia a cloroquina apenas em casos graves. E agora n\u00e3o, esse novo protocolo \u00e9 a partir dos primeiros sintomas. Quem n\u00e3o quiser tomar n\u00e3o toma&#8221;, afirmou.&nbsp;<\/p>\n\n\n\n<p>No final de mar\u00e7o, o Minist\u00e9rio da Sa\u00fade incluiu em seus protocolos a sugest\u00e3o de uso da cloroquina em pacientes hospitalizados com gravidade m\u00e9dia e alta, mas mantendo a norma corrente na medicina de que cabe ao m\u00e9dico a decis\u00e3o sobre prescrever ou n\u00e3o a subst\u00e2ncia ao paciente. A pasta tamb\u00e9m distribuiu ao menos 3,4 milh\u00f5es de doses do medicamento para os sistemas de sa\u00fade dos estados.&nbsp;<\/p>\n\n\n\n<p>O Conselho Federal de Medicina (CFM)&nbsp;<a href=\"https:\/\/agenciabrasil.ebc.com.br\/saude\/noticia\/2020-04\/cfm-estabelece-criterios-e-condicoes-para-uso-da-cloroquina\" target=\"_blank\" rel=\"noreferrer noopener\">n\u00e3o recomenda o uso da droga<\/a>, mas autorizou a prescri\u00e7\u00e3o em situa\u00e7\u00f5es espec\u00edficas, inclusive em casos leves, a crit\u00e9rio do m\u00e9dico e em decis\u00e3o compartilhada com o paciente.&nbsp;<\/p>\n\n\n\n<h4 class=\"wp-block-heading\">Novo ministro<\/h4>\n\n\n\n<p>Sobre a indica\u00e7\u00e3o de um novo ministro da Sa\u00fade, Bolsonaro disse que n\u00e3o tem pressa e fez\u00a0elogios ao interino na pasta, o general Eduardo Pazuello. Segundo o presidente, Pazuello seguir\u00e1 no comando da pasta.\u00a0<\/p>\n\n\n\n<p>&#8220;Por enquanto, deixa l\u00e1 o general Pazuello, est\u00e1 indo muito bem, uma pessoa inteligente. \u00c9 um gestor de primeira linha, gra\u00e7as a ele tivemos a Olimp\u00edada do Rio de Janeiro. Ele foi o coordenador da Opera\u00e7\u00e3o Acolhida, do pessoal que vem da Venezuela&#8221;, destacou.&nbsp;<\/p>\n\n\n\n<p>General do Ex\u00e9rcito, Pazuello foi nomeado para o segundo cargo mais alto da hierarquia ministerial no \u00faltimo dia 22, ap\u00f3s Nelson Teich assumir o minist\u00e9rio\u00a0no lugar de Luiz Henrique Mandetta\u00a0e\u00a0deixar o cargo\u00a0em pouco menos de um m\u00eas.<\/p>\n\n\n\n<p>Especialista em Log\u00edstica, o militar foi coordenador log\u00edstico das tropas do Ex\u00e9rcito durante os Jogos Ol\u00edmpicos e Paral\u00edmpicos, al\u00e9m de ter coordenado a Opera\u00e7\u00e3o Acolhida, que presta assist\u00eancia aos imigrantes venezuelanos que chegam a Roraima fugindo da crise pol\u00edtica e econ\u00f4mica no pa\u00eds vizinho.&nbsp;<\/p>\n\n\n\n<h4 class=\"wp-block-heading\">Volta do futebol<\/h4>\n\n\n\n<p>Durante a entrevista, o presidente tamb\u00e9m comentou que recebeu mais cedo, no Pal\u00e1cio do Planalto, os dirigentes do Flamengo e do Vasco da Gama, clubes que defendem a volta do futebol no pa\u00eds, paralisado em fun\u00e7\u00e3o da pandemia do novo coronav\u00edrus. Estiveram com Bolsonaro os presidentes do Flamengo, Rodolfo Landim, e do Vasco, Alexandre Campello, entre outros integrantes dos clubes.&nbsp;<\/p>\n\n\n\n<p>&#8220;Eu conversei com a c\u00fapula do Flamengo, hoje, e tinha tamb\u00e9m o presidente do Vasco da Gama. Eles querem voltar a jogar futebol. Ent\u00e3o, conversamos com o Minist\u00e9rio da Sa\u00fade, para ter um protocolo para abrir, ter um certo regramento, come\u00e7a sem ningu\u00e9m na arquibancada&#8221;, afirmou o presidente.<\/p>\n","protected":false},"excerpt":{"rendered":"<p>O presidente Jair Bolsonaro afirmou que o Minist\u00e9rio da Sa\u00fade vai publicar, nesta quarta-feira (20), um novo protocolo para o uso da hidroxicloroquina e da&hellip; <\/p>\n","protected":false},"author":2,"featured_media":170495,"comment_status":"closed","ping_status":"closed","sticky":false,"template":"","format":"standard","meta":{"sfsi_plus_gutenberg_text_before_share":"","sfsi_plus_gutenberg_show_text_before_share":"","sfsi_plus_gutenberg_icon_type":"","sfsi_plus_gutenberg_icon_alignemt":"","sfsi_plus_gutenburg_max_per_row":"","footnotes":""},"categories":[11],"tags":[],"class_list":["post-170494","post","type-post","status-publish","format-standard","has-post-thumbnail","hentry","category-politica"],"_links":{"self":[{"href":"https:\/\/www.caririemacao.com\/1\/wp-json\/wp\/v2\/posts\/170494","targetHints":{"allow":["GET"]}}],"collection":[{"href":"https:\/\/www.caririemacao.com\/1\/wp-json\/wp\/v2\/posts"}],"about":[{"href":"https:\/\/www.caririemacao.com\/1\/wp-json\/wp\/v2\/types\/post"}],"author":[{"embeddable":true,"href":"https:\/\/www.caririemacao.com\/1\/wp-json\/wp\/v2\/users\/2"}],"replies":[{"embeddable":true,"href":"https:\/\/www.caririemacao.com\/1\/wp-json\/wp\/v2\/comments?post=170494"}],"version-history":[{"count":1,"href":"https:\/\/www.caririemacao.com\/1\/wp-json\/wp\/v2\/posts\/170494\/revisions"}],"predecessor-version":[{"id":170496,"href":"https:\/\/www.caririemacao.com\/1\/wp-json\/wp\/v2\/posts\/170494\/revisions\/170496"}],"wp:featuredmedia":[{"embeddable":true,"href":"https:\/\/www.caririemacao.com\/1\/wp-json\/wp\/v2\/media\/170495"}],"wp:attachment":[{"href":"https:\/\/www.caririemacao.com\/1\/wp-json\/wp\/v2\/media?parent=170494"}],"wp:term":[{"taxonomy":"category","embeddable":true,"href":"https:\/\/www.caririemacao.com\/1\/wp-json\/wp\/v2\/categories?post=170494"},{"taxonomy":"post_tag","embeddable":true,"href":"https:\/\/www.caririemacao.com\/1\/wp-json\/wp\/v2\/tags?post=170494"}],"curies":[{"name":"wp","href":"https:\/\/api.w.org\/{rel}","templated":true}]}}