{"id":170502,"date":"2020-05-20T07:46:40","date_gmt":"2020-05-20T10:46:40","guid":{"rendered":"https:\/\/www.caririemacao.com\/1\/?p=170502"},"modified":"2020-05-20T07:46:40","modified_gmt":"2020-05-20T10:46:40","slug":"mais-de-4-milhoes-de-estudantes-nao-tem-internet-em-casa-no-brasil","status":"publish","type":"post","link":"https:\/\/www.caririemacao.com\/1\/2020\/05\/20\/mais-de-4-milhoes-de-estudantes-nao-tem-internet-em-casa-no-brasil\/","title":{"rendered":"Mais de 4 milh\u00f5es de estudantes n\u00e3o t\u00eam internet em casa no Brasil"},"content":{"rendered":"\n<p>De acordo com os dados divulgados na semana passada pelo Fundo das Na\u00e7\u00f5es Unidas para a Inf\u00e2ncia (Unicef), 4,8 milh\u00f5es de crian\u00e7as e adolescentes, na faixa de 9 a 17 anos, n\u00e3o t\u00eam internet em casa no Brasil. Embora as diversas tecnologias de informa\u00e7\u00e3o e comunica\u00e7\u00e3o estejam mais acess\u00edveis e contribuam para o ensino e aprendizagem, essas ferramentas ainda n\u00e3o est\u00e3o dispon\u00edveis para todos.<\/p>\n\n\n\n<p>Esse problema n\u00e3o \u00e9 inerente somente ao contexto da zona rural. Segundo os dados divulgados pelo Unicef, nesse momento de pandemia da Covid-19, em que as aulas presenciais est\u00e3o suspensas, \u00e9 poss\u00edvel observar que o acesso \u00e0 educa\u00e7\u00e3o no pa\u00eds por meio das tecnologias digitais \u00e9 desigual em todas as regi\u00f5es.<\/p>\n\n\n\n<p>Com o adiamento das atividades presenciais, todo o processo de ensino tem sido feito on-line. Mas 17% dos estudantes matriculados em escolas brasileiras est\u00e3o impossibilitados de acompanhar o calend\u00e1rio escolar de forma satisfat\u00f3ria, segundo pesquisa do Unicef.<\/p>\n\n\n\n<p>Para muitos pais, n\u00e3o poder dar essa assist\u00eancia aos seus filhos tem sito angustiante. A dom\u00e9stica Edilene Santos, 44, tem buscado solu\u00e7\u00f5es para superar esse obst\u00e1culo. Ela tem tr\u00eas filhos no\u00a0ensino infantil\u00a0e dois no\u00a0ensino m\u00e9dio.\u00a0 Para os filhos menores, as aulas s\u00e3o entregues em papel, que ela busca na escola. J\u00e1 os mais velhos assistem aulas pelo celular, com ajuda da internet disponibilizada pela irm\u00e3 de Edilene, que mora pr\u00f3ximo \u00e0 fam\u00edlia.<\/p>\n\n\n\n<p>\u201c\u00c9 complicado, \u00e9 muito dif\u00edcil! A gente fica tentando ajudar sem poder, o cora\u00e7\u00e3o fica partido, a gente fica pulando de galho em galho\u201d, relata fazendo refer\u00eancia \u00e0 necessidade de mandar os filhos estudarem na casa da irm\u00e3.<\/p>\n\n\n\n<p>Mesmo com todo o esfor\u00e7o \u00e9 poss\u00edvel perceber a queda no rendimento escolar diante desse cen\u00e1rio. Pois, algumas vezes, os filhos precisam aguardar Edilene chegar do trabalho, \u00e0 noite, para poder assistir \u00e0s aulas. \u201cEles est\u00e3o sendo prejudicados porque estudar \u00e0 noite \u00e9 ruim, \u00e9 uma hora que eles j\u00e1 est\u00e3o cansados e, infelizmente, \u00e0s vezes \u00e9 o \u00fanico hor\u00e1rio que eles podem estudar quando n\u00e3o conseguem a internet da minha irm\u00e3, e eu tenho que compartilhar do meu celular quando chego do trabalho\u201d, conta.&nbsp;<\/p>\n\n\n\n<p>Para ela, se as aulas fossem transmitidas na televis\u00e3o a situa\u00e7\u00e3o poderia melhorar. \u201cNa tv ajudaria porque eles iriam estudar em hor\u00e1rios programados, n\u00e3o iriam ter que me esperar chegar do trabalho, de noite, para estudar com eles\u201d, diz.<\/p>\n\n\n\n<p><strong>Tv Cultura Educa\u00e7\u00e3o<\/strong><\/p>\n\n\n\n<p>Com o objetivo de contribuir para a aprendizagem dos estudantes que n\u00e3o t\u00eam acesso \u00e0 internet em casa, a TV Cultura, em parceria com Governo do Estado de S\u00e3o Paulo e a Secretaria Estadual de Educa\u00e7\u00e3o, criaram o novo canal TV Cultura Educa\u00e7\u00e3o. Nesse espa\u00e7o, as aulas e conte\u00fados educativos ser\u00e3o transmitidos para mais de 3 milh\u00f5es de estudantes da rede estadual dos Ensinos Infantil, Fundamental e M\u00e9dio, por meio do canal digital 2.3.<\/p>\n\n\n\n<p>A proposta inicial \u00e9 de que sejam transmitidas 10 horas di\u00e1rias de conte\u00fado ao vivo direcionado \u00e0 educa\u00e7\u00e3o, de segunda a sexta-feira, al\u00e9m de programas educativos e aulas gravadas. Assim, os alunos podem acessar, de forma gratuita, o aplicativo atrav\u00e9s de um aparelho celular, sem precisar de um pacote de dados m\u00f3veis dispon\u00edveis no momento.<\/p>\n\n\n\n<p><strong>Adia Enem<\/strong><\/p>\n\n\n\n<p>Assim que a continuidade do isolamento social foi anunciada, e, consequentemente a suspens\u00e3o das aulas presenciais, a realiza\u00e7\u00e3o da prova do&nbsp;<a href=\"https:\/\/www.educamaisbrasil.com.br\/programas-do-governo\/enem\/o-que-e\/?p=wscom\">Enem<\/a>&nbsp;se tornou assunto de debate. Justamente porque muitos estudantes que se inscreveram para o vestibular est\u00e3o sendo prejudicados, j\u00e1 que n\u00e3o eles n\u00e3o possuem meios para estudar.<\/p>\n\n\n\n<p>Alunos, pais, entidades e artistas se juntaram para pressionar o Minist\u00e9rio da Educa\u00e7\u00e3o (MEC) e o Instituto Nacional de Estudos e Pesquisas An\u00edsio Teixeira (Inep), requisitando o adiamento do Exame Nacional do Ensino M\u00e9dio (Enem). At\u00e9 ent\u00e3o, a aplica\u00e7\u00e3o da prova est\u00e1 prevista para novembro.&nbsp;<\/p>\n\n\n\n<p>Ontem (18), o MEC emitiu um comunicado oficial, anunciando a possibilidade de adiamento do exame.&nbsp; \u201c(\u2026) o MEC e o INEP refor\u00e7am possuir um di\u00e1logo sempre aberto junto \u00e0s mais diversas entidades e \u00e0 sociedade em geral, destacando que todas as sugest\u00f5es e cr\u00edticas apresentadas s\u00e3o importantes para o aprimoramento de suas atividades e que cada uma delas ser\u00e1 avaliada e discutida, sempre buscando o que seja melhor para a educa\u00e7\u00e3o brasileira\u201d, diz trecho da nota.<\/p>\n","protected":false},"excerpt":{"rendered":"<p>De acordo com os dados divulgados na semana passada pelo Fundo das Na\u00e7\u00f5es Unidas para a Inf\u00e2ncia (Unicef), 4,8 milh\u00f5es de crian\u00e7as e adolescentes, na&hellip; <\/p>\n","protected":false},"author":2,"featured_media":157149,"comment_status":"closed","ping_status":"closed","sticky":false,"template":"","format":"standard","meta":{"sfsi_plus_gutenberg_text_before_share":"","sfsi_plus_gutenberg_show_text_before_share":"","sfsi_plus_gutenberg_icon_type":"","sfsi_plus_gutenberg_icon_alignemt":"","sfsi_plus_gutenburg_max_per_row":"","footnotes":""},"categories":[50,14],"tags":[],"class_list":["post-170502","post","type-post","status-publish","format-standard","has-post-thumbnail","hentry","category-destaque","category-educacao"],"_links":{"self":[{"href":"https:\/\/www.caririemacao.com\/1\/wp-json\/wp\/v2\/posts\/170502","targetHints":{"allow":["GET"]}}],"collection":[{"href":"https:\/\/www.caririemacao.com\/1\/wp-json\/wp\/v2\/posts"}],"about":[{"href":"https:\/\/www.caririemacao.com\/1\/wp-json\/wp\/v2\/types\/post"}],"author":[{"embeddable":true,"href":"https:\/\/www.caririemacao.com\/1\/wp-json\/wp\/v2\/users\/2"}],"replies":[{"embeddable":true,"href":"https:\/\/www.caririemacao.com\/1\/wp-json\/wp\/v2\/comments?post=170502"}],"version-history":[{"count":1,"href":"https:\/\/www.caririemacao.com\/1\/wp-json\/wp\/v2\/posts\/170502\/revisions"}],"predecessor-version":[{"id":170503,"href":"https:\/\/www.caririemacao.com\/1\/wp-json\/wp\/v2\/posts\/170502\/revisions\/170503"}],"wp:featuredmedia":[{"embeddable":true,"href":"https:\/\/www.caririemacao.com\/1\/wp-json\/wp\/v2\/media\/157149"}],"wp:attachment":[{"href":"https:\/\/www.caririemacao.com\/1\/wp-json\/wp\/v2\/media?parent=170502"}],"wp:term":[{"taxonomy":"category","embeddable":true,"href":"https:\/\/www.caririemacao.com\/1\/wp-json\/wp\/v2\/categories?post=170502"},{"taxonomy":"post_tag","embeddable":true,"href":"https:\/\/www.caririemacao.com\/1\/wp-json\/wp\/v2\/tags?post=170502"}],"curies":[{"name":"wp","href":"https:\/\/api.w.org\/{rel}","templated":true}]}}