{"id":170506,"date":"2020-05-20T07:49:52","date_gmt":"2020-05-20T10:49:52","guid":{"rendered":"https:\/\/www.caririemacao.com\/1\/?p=170506"},"modified":"2020-05-20T07:49:52","modified_gmt":"2020-05-20T10:49:52","slug":"brincadeira-entre-criancas-termina-com-uma-ferida-por-faca-peixeira-na-cidade-de-serra-branca","status":"publish","type":"post","link":"https:\/\/www.caririemacao.com\/1\/2020\/05\/20\/brincadeira-entre-criancas-termina-com-uma-ferida-por-faca-peixeira-na-cidade-de-serra-branca\/","title":{"rendered":"Brincadeira entre crian\u00e7as termina com uma ferida por faca peixeira na cidade de Serra Branca"},"content":{"rendered":"\n<p>Na tarde desta ter\u00e7a-feira(19) por volta das 15h, uma crian\u00e7a de nove anos de idade disferiu um golpe de faca peixeira em outra crian\u00e7a de seis anos durante uma brincadeira no bairro dos Vertentes, na cidade de Serra Branca, Cariri Paraibano.<\/p>\n\n\n\n<p>A v\u00edtima de seis anos foi levada para o Hospital de Serra Branca e acabou levando dois pontos da facada nas costas. No momento, a crian\u00e7a serra-branquense passa bem e j\u00e1 est\u00e1 em casa.<\/p>\n\n\n\n<p>Os pais dos envolvidos foram levados para a delegacia pela Pol\u00edcia Militar para os procedimentos cab\u00edveis.<\/p>\n\n\n\n<p><\/p>\n\n\n\n<p><em>Com Para\u00edba Mix<\/em><\/p>\n","protected":false},"excerpt":{"rendered":"<p>Na tarde desta ter\u00e7a-feira(19) por volta das 15h, uma crian\u00e7a de nove anos de idade disferiu um golpe de faca peixeira em outra crian\u00e7a de&hellip; <\/p>\n","protected":false},"author":2,"featured_media":170507,"comment_status":"closed","ping_status":"closed","sticky":false,"template":"","format":"standard","meta":{"sfsi_plus_gutenberg_text_before_share":"","sfsi_plus_gutenberg_show_text_before_share":"","sfsi_plus_gutenberg_icon_type":"","sfsi_plus_gutenberg_icon_alignemt":"","sfsi_plus_gutenburg_max_per_row":"","footnotes":""},"categories":[12],"tags":[],"class_list":["post-170506","post","type-post","status-publish","format-standard","has-post-thumbnail","hentry","category-policia"],"_links":{"self":[{"href":"https:\/\/www.caririemacao.com\/1\/wp-json\/wp\/v2\/posts\/170506","targetHints":{"allow":["GET"]}}],"collection":[{"href":"https:\/\/www.caririemacao.com\/1\/wp-json\/wp\/v2\/posts"}],"about":[{"href":"https:\/\/www.caririemacao.com\/1\/wp-json\/wp\/v2\/types\/post"}],"author":[{"embeddable":true,"href":"https:\/\/www.caririemacao.com\/1\/wp-json\/wp\/v2\/users\/2"}],"replies":[{"embeddable":true,"href":"https:\/\/www.caririemacao.com\/1\/wp-json\/wp\/v2\/comments?post=170506"}],"version-history":[{"count":1,"href":"https:\/\/www.caririemacao.com\/1\/wp-json\/wp\/v2\/posts\/170506\/revisions"}],"predecessor-version":[{"id":170508,"href":"https:\/\/www.caririemacao.com\/1\/wp-json\/wp\/v2\/posts\/170506\/revisions\/170508"}],"wp:featuredmedia":[{"embeddable":true,"href":"https:\/\/www.caririemacao.com\/1\/wp-json\/wp\/v2\/media\/170507"}],"wp:attachment":[{"href":"https:\/\/www.caririemacao.com\/1\/wp-json\/wp\/v2\/media?parent=170506"}],"wp:term":[{"taxonomy":"category","embeddable":true,"href":"https:\/\/www.caririemacao.com\/1\/wp-json\/wp\/v2\/categories?post=170506"},{"taxonomy":"post_tag","embeddable":true,"href":"https:\/\/www.caririemacao.com\/1\/wp-json\/wp\/v2\/tags?post=170506"}],"curies":[{"name":"wp","href":"https:\/\/api.w.org\/{rel}","templated":true}]}}