{"id":170510,"date":"2020-05-20T08:00:52","date_gmt":"2020-05-20T11:00:52","guid":{"rendered":"https:\/\/www.caririemacao.com\/1\/?p=170510"},"modified":"2020-05-20T08:00:52","modified_gmt":"2020-05-20T11:00:52","slug":"prefeitura-de-sao-sebastiao-do-umbuzeiro-continua-o-trabalho-de-recuperacao-das-estradas-rurais","status":"publish","type":"post","link":"https:\/\/www.caririemacao.com\/1\/2020\/05\/20\/prefeitura-de-sao-sebastiao-do-umbuzeiro-continua-o-trabalho-de-recuperacao-das-estradas-rurais\/","title":{"rendered":"Prefeitura de S\u00e3o Sebasti\u00e3o do Umbuzeiro continua o trabalho de recupera\u00e7\u00e3o das estradas rurais"},"content":{"rendered":"\n<p>A Prefeitura municipal de S\u00e3o Sebasti\u00e3o do Umbuzeiro continua realizando o trabalho de recupera\u00e7\u00e3o das estradas rurais em v\u00e1rios pontos do munic\u00edpio beneficiando a maioria dos produtores rurais.<\/p>\n\n\n\n<p><br>Nos \u00faltimos dias, funcion\u00e1rios do munic\u00edpio trabalharam na restaura\u00e7\u00e3o de um trecho na estrada que liga a comunidade da Balan\u00e7a e M\u00e3o Beijada.<\/p>\n\n\n\n<p><br>De acordo com o Prefeito Adriano Wolff, a administra\u00e7\u00e3o vem trabalhando em ritmo cont\u00ednuo, para conseguir atender as demandas.<\/p>\n\n\n\n<p><br>\u201cEstamos promovendo melhorias nas estradas com um servi\u00e7o que tem durabilidade, garantindo mais comodidade e seguran\u00e7a a todos que por ali transitam\u201d, destacou o Prefeito.<\/p>\n\n\n\n<p><br><strong>Com BLOG DO DIDI<\/strong><\/p>\n","protected":false},"excerpt":{"rendered":"<p>A Prefeitura municipal de S\u00e3o Sebasti\u00e3o do Umbuzeiro continua realizando o trabalho de recupera\u00e7\u00e3o das estradas rurais em v\u00e1rios pontos do munic\u00edpio beneficiando a maioria&hellip; <\/p>\n","protected":false},"author":2,"featured_media":170511,"comment_status":"closed","ping_status":"closed","sticky":false,"template":"","format":"standard","meta":{"sfsi_plus_gutenberg_text_before_share":"","sfsi_plus_gutenberg_show_text_before_share":"","sfsi_plus_gutenberg_icon_type":"","sfsi_plus_gutenberg_icon_alignemt":"","sfsi_plus_gutenburg_max_per_row":"","footnotes":""},"categories":[6],"tags":[],"class_list":["post-170510","post","type-post","status-publish","format-standard","has-post-thumbnail","hentry","category-cidades"],"_links":{"self":[{"href":"https:\/\/www.caririemacao.com\/1\/wp-json\/wp\/v2\/posts\/170510","targetHints":{"allow":["GET"]}}],"collection":[{"href":"https:\/\/www.caririemacao.com\/1\/wp-json\/wp\/v2\/posts"}],"about":[{"href":"https:\/\/www.caririemacao.com\/1\/wp-json\/wp\/v2\/types\/post"}],"author":[{"embeddable":true,"href":"https:\/\/www.caririemacao.com\/1\/wp-json\/wp\/v2\/users\/2"}],"replies":[{"embeddable":true,"href":"https:\/\/www.caririemacao.com\/1\/wp-json\/wp\/v2\/comments?post=170510"}],"version-history":[{"count":1,"href":"https:\/\/www.caririemacao.com\/1\/wp-json\/wp\/v2\/posts\/170510\/revisions"}],"predecessor-version":[{"id":170512,"href":"https:\/\/www.caririemacao.com\/1\/wp-json\/wp\/v2\/posts\/170510\/revisions\/170512"}],"wp:featuredmedia":[{"embeddable":true,"href":"https:\/\/www.caririemacao.com\/1\/wp-json\/wp\/v2\/media\/170511"}],"wp:attachment":[{"href":"https:\/\/www.caririemacao.com\/1\/wp-json\/wp\/v2\/media?parent=170510"}],"wp:term":[{"taxonomy":"category","embeddable":true,"href":"https:\/\/www.caririemacao.com\/1\/wp-json\/wp\/v2\/categories?post=170510"},{"taxonomy":"post_tag","embeddable":true,"href":"https:\/\/www.caririemacao.com\/1\/wp-json\/wp\/v2\/tags?post=170510"}],"curies":[{"name":"wp","href":"https:\/\/api.w.org\/{rel}","templated":true}]}}