{"id":170514,"date":"2020-05-20T08:11:01","date_gmt":"2020-05-20T11:11:01","guid":{"rendered":"https:\/\/www.caririemacao.com\/1\/?p=170514"},"modified":"2020-05-20T08:11:01","modified_gmt":"2020-05-20T11:11:01","slug":"policia-rodoviaria-e-prefeitura-de-monteiro-realizam-acao-de-conscientizacao-em-rodovias","status":"publish","type":"post","link":"https:\/\/www.caririemacao.com\/1\/2020\/05\/20\/policia-rodoviaria-e-prefeitura-de-monteiro-realizam-acao-de-conscientizacao-em-rodovias\/","title":{"rendered":"Pol\u00edcia Rodovi\u00e1ria e Prefeitura de Monteiro realizam a\u00e7\u00e3o de conscientiza\u00e7\u00e3o em rodovias"},"content":{"rendered":"\n<p><a href=\"https:\/\/www.facebook.com\/sharer.php?u=https%3A%2F%2Fwww.vitrinedocariri.com.br%2F2020%2F05%2Fpolicia-rodoviaria-e-prefeitura-de-monteiro-realizam-acao-de-conscientizacao-em-rodovias%2F\" target=\"_blank\" rel=\"noreferrer noopener\"><\/a><a href=\"https:\/\/twitter.com\/share?url=https%3A%2F%2Fwww.vitrinedocariri.com.br%2F2020%2F05%2Fpolicia-rodoviaria-e-prefeitura-de-monteiro-realizam-acao-de-conscientizacao-em-rodovias%2F&amp;text=Acabei%20de%20ver%20Pol%C3%ADcia%20Rodovi%C3%A1ria%20e%20Prefeitura%20de%20Monteiro%20realizam%20a%C3%A7%C3%A3o%20de%20conscientiza%C3%A7%C3%A3o%20em%20rodovias%20-%20Clique%20para%20ver%20tamb%C3%A9m%20%E2%98%9B%20\" target=\"_blank\" rel=\"noreferrer noopener\"><\/a><a href=\"\/\/send?text=Pol%C3%ADcia%20Rodovi%C3%A1ria%20e%20Prefeitura%20de%20Monteiro%20realizam%20a%C3%A7%C3%A3o%20de%20conscientiza%C3%A7%C3%A3o%20em%20rodovias%20%E2%98%9B%20https%3A%2F%2Fwww.vitrinedocariri.com.br%2F2020%2F05%2Fpolicia-rodoviaria-e-prefeitura-de-monteiro-realizam-acao-de-conscientizacao-em-rodovias%2F\" target=\"_blank\" rel=\"noreferrer noopener\"><\/a><a href=\"javascript:void(0);\"><\/a><\/p>\n\n\n\n<p>A Prefeitura de Monteiro, por meio da Vigil\u00e2ncia em Sa\u00fade, firmou &nbsp;parceria para a Pol\u00edcia Rodovi\u00e1ria Federal \u2013 PRF para a realiza\u00e7\u00e3o de a\u00e7\u00f5es de conscientiza\u00e7\u00e3o contra o coronav\u00edrus nas BRs que cortam o munic\u00edpio.<\/p>\n\n\n\n<p>A a\u00e7\u00e3o envolve o apoio da PRF aos profissionais de sa\u00fade nas barreiras sanit\u00e1rias implantadas no munic\u00edpio, onde s\u00e3o repassadas orienta\u00e7\u00f5es e de acordo com a chegada de ve\u00edculos de outros munic\u00edpios e estados s\u00e3o realizados os primeiros procedimentos como a verifica\u00e7\u00e3o da&nbsp;temperatura corporal, entrevista sobre sintomas e a recomenda\u00e7\u00e3o do isolamento domiciliar e a obrigatoriedade do uso de m\u00e1scaras.<\/p>\n\n\n\n<p>\u201cGostar\u00edamos de agradecer o apoio do Delegado Victor Leonardo Sales de Medeiros, chefe da II Delegacia SPRF\/PB. Este \u00e9 um dos trabalhos essenciais para a preven\u00e7\u00e3o da propaga\u00e7\u00e3o do coronav\u00edrus no munic\u00edpio\u201d, comenta Silvana Silva, diretora da Vigil\u00e2ncia em Sa\u00fade.<\/p>\n\n\n\n<p>\u201cEstamos com uma equipe multidisciplinar da sa\u00fade contando com&nbsp;enfermeiros e t\u00e9cnicos, que fazem a verifica\u00e7\u00e3o da temperatura e conversam com os motoristas. Contamos ainda com com o apoio da Pol\u00edcia Rodovi\u00e1ria Federal na abordagem aos ve\u00edculos, onde verificamos os poss\u00edveis casos de pessoas com estado febril ou qualquer sintoma de gripe, com o encaminhamento para a UPA ou Hospital, quando necess\u00e1rio, mas para quem vai permanecer no munic\u00edpio tamb\u00e9m com a recomenda\u00e7\u00e3o do isolamento domiciliar por 14 dias. Nosso objetivo \u00e9 fiscalizar e identificar a entrada de viajantes com sintomas e al\u00e9m disso, conscientizar as pessoas para que n\u00e3o viajem nesse momento\u201d, disse a prefeita Anna Lorena.<\/p>\n","protected":false},"excerpt":{"rendered":"<p>A Prefeitura de Monteiro, por meio da Vigil\u00e2ncia em Sa\u00fade, firmou &nbsp;parceria para a Pol\u00edcia Rodovi\u00e1ria Federal \u2013 PRF para a realiza\u00e7\u00e3o de a\u00e7\u00f5es de&hellip; <\/p>\n","protected":false},"author":2,"featured_media":170516,"comment_status":"closed","ping_status":"closed","sticky":false,"template":"","format":"standard","meta":{"sfsi_plus_gutenberg_text_before_share":"","sfsi_plus_gutenberg_show_text_before_share":"","sfsi_plus_gutenberg_icon_type":"","sfsi_plus_gutenberg_icon_alignemt":"","sfsi_plus_gutenburg_max_per_row":"","footnotes":""},"categories":[2],"tags":[],"class_list":["post-170514","post","type-post","status-publish","format-standard","has-post-thumbnail","hentry","category-geral"],"_links":{"self":[{"href":"https:\/\/www.caririemacao.com\/1\/wp-json\/wp\/v2\/posts\/170514","targetHints":{"allow":["GET"]}}],"collection":[{"href":"https:\/\/www.caririemacao.com\/1\/wp-json\/wp\/v2\/posts"}],"about":[{"href":"https:\/\/www.caririemacao.com\/1\/wp-json\/wp\/v2\/types\/post"}],"author":[{"embeddable":true,"href":"https:\/\/www.caririemacao.com\/1\/wp-json\/wp\/v2\/users\/2"}],"replies":[{"embeddable":true,"href":"https:\/\/www.caririemacao.com\/1\/wp-json\/wp\/v2\/comments?post=170514"}],"version-history":[{"count":2,"href":"https:\/\/www.caririemacao.com\/1\/wp-json\/wp\/v2\/posts\/170514\/revisions"}],"predecessor-version":[{"id":170517,"href":"https:\/\/www.caririemacao.com\/1\/wp-json\/wp\/v2\/posts\/170514\/revisions\/170517"}],"wp:featuredmedia":[{"embeddable":true,"href":"https:\/\/www.caririemacao.com\/1\/wp-json\/wp\/v2\/media\/170516"}],"wp:attachment":[{"href":"https:\/\/www.caririemacao.com\/1\/wp-json\/wp\/v2\/media?parent=170514"}],"wp:term":[{"taxonomy":"category","embeddable":true,"href":"https:\/\/www.caririemacao.com\/1\/wp-json\/wp\/v2\/categories?post=170514"},{"taxonomy":"post_tag","embeddable":true,"href":"https:\/\/www.caririemacao.com\/1\/wp-json\/wp\/v2\/tags?post=170514"}],"curies":[{"name":"wp","href":"https:\/\/api.w.org\/{rel}","templated":true}]}}