{"id":170518,"date":"2020-05-20T08:14:30","date_gmt":"2020-05-20T11:14:30","guid":{"rendered":"https:\/\/www.caririemacao.com\/1\/?p=170518"},"modified":"2020-05-20T08:14:30","modified_gmt":"2020-05-20T11:14:30","slug":"alunos-da-rede-municipal-de-monteiro-participam-de-concurso-de-producao-textual","status":"publish","type":"post","link":"https:\/\/www.caririemacao.com\/1\/2020\/05\/20\/alunos-da-rede-municipal-de-monteiro-participam-de-concurso-de-producao-textual\/","title":{"rendered":"Alunos da Rede Municipal de Monteiro participam de concurso de Produ\u00e7\u00e3o Textual"},"content":{"rendered":"\n<p>Os alunos da Rede Municipal do Ensino Fundamental I est\u00e3o participando de um concurso de produ\u00e7\u00e3o textual, que tem por tema: A educa\u00e7\u00e3o em Monteiro em tempos de pandemia.<\/p>\n\n\n\n<p>O principal objetivo do concurso \u00a0\u00e9 aperfei\u00e7oar as pr\u00e1ticas de leitura e escrita mesmo em tempos de pandemia, incentivando a aprendizagem e valorizar as capacidades individuais dos alunos dos anos iniciais.<\/p>\n\n\n\n<div class=\"wp-block-image\"><figure class=\"alignleft\"><img decoding=\"async\" data-src=\"https:\/\/i1.wp.com\/www.vitrinedocariri.com.br\/wp-content\/uploads\/2020\/05\/Alunos-da-Rede-Municipal-de-Monteiro-participam-de-concurso-de-Produ%C3%A7%C3%A3o-Textual-1.jpeg?resize=300%2C225&amp;ssl=1\" alt=\"\" class=\"wp-image-70976 lazyload\" src=\"data:image\/svg+xml;base64,PHN2ZyB3aWR0aD0iMSIgaGVpZ2h0PSIxIiB4bWxucz0iaHR0cDovL3d3dy53My5vcmcvMjAwMC9zdmciPjwvc3ZnPg==\" \/><\/figure><\/div>\n\n\n\n<p><\/p>\n\n\n\n<p>Assim como as atividades semanais, o concurso foi informado aos alunos atrav\u00e9s dos informativos repassados pelos professores por redes sociais. <\/p>\n\n\n\n<p>As produ\u00e7\u00f5es ser\u00e3o envidas aos respectivos professores at\u00e9 a\u00a0sexta-feira, 22, e o resultado final ser\u00e1 divulgado no dia 29.Com o tema: A educa\u00e7\u00e3o em Monteiro em tempos de pandemia \u00a0os alunos dos 1\u00ba e 2\u00ba anos produzir\u00e3o desenhos, j\u00e1 os do 3\u00ba ano usar\u00e3o o g\u00eanero Tirinha, o 4\u00ba ano fica com o Texto narrativo e o 5\u00ba ano produzir\u00e1 Poemas para a competi\u00e7\u00e3o.<\/p>\n\n\n\n<p>Os crit\u00e9rios de avalia\u00e7\u00e3o levar\u00e3o em conta as normas de linguagem, como pontua\u00e7\u00e3o e concord\u00e2ncia, al\u00e9m da criatividade nas reda\u00e7\u00f5es e desenhos. <\/p>\n\n\n\n<p>A premia\u00e7\u00e3o ser\u00e1 um Kit escolar.\u201cTemos que estimular nossas crian\u00e7as e um concurso \u00e9 uma forma para que eles possam expressar suas experi\u00eancias durante este tempo incomum para todos n\u00f3s, inclusive adultos\u201d, comenta a prefeita Anna Lorena.<\/p>\n","protected":false},"excerpt":{"rendered":"<p>Os alunos da Rede Municipal do Ensino Fundamental I est\u00e3o participando de um concurso de produ\u00e7\u00e3o textual, que tem por tema: A educa\u00e7\u00e3o em Monteiro&hellip; <\/p>\n","protected":false},"author":2,"featured_media":170519,"comment_status":"closed","ping_status":"closed","sticky":false,"template":"","format":"standard","meta":{"sfsi_plus_gutenberg_text_before_share":"","sfsi_plus_gutenberg_show_text_before_share":"","sfsi_plus_gutenberg_icon_type":"","sfsi_plus_gutenberg_icon_alignemt":"","sfsi_plus_gutenburg_max_per_row":"","footnotes":""},"categories":[6],"tags":[],"class_list":["post-170518","post","type-post","status-publish","format-standard","has-post-thumbnail","hentry","category-cidades"],"_links":{"self":[{"href":"https:\/\/www.caririemacao.com\/1\/wp-json\/wp\/v2\/posts\/170518","targetHints":{"allow":["GET"]}}],"collection":[{"href":"https:\/\/www.caririemacao.com\/1\/wp-json\/wp\/v2\/posts"}],"about":[{"href":"https:\/\/www.caririemacao.com\/1\/wp-json\/wp\/v2\/types\/post"}],"author":[{"embeddable":true,"href":"https:\/\/www.caririemacao.com\/1\/wp-json\/wp\/v2\/users\/2"}],"replies":[{"embeddable":true,"href":"https:\/\/www.caririemacao.com\/1\/wp-json\/wp\/v2\/comments?post=170518"}],"version-history":[{"count":1,"href":"https:\/\/www.caririemacao.com\/1\/wp-json\/wp\/v2\/posts\/170518\/revisions"}],"predecessor-version":[{"id":170520,"href":"https:\/\/www.caririemacao.com\/1\/wp-json\/wp\/v2\/posts\/170518\/revisions\/170520"}],"wp:featuredmedia":[{"embeddable":true,"href":"https:\/\/www.caririemacao.com\/1\/wp-json\/wp\/v2\/media\/170519"}],"wp:attachment":[{"href":"https:\/\/www.caririemacao.com\/1\/wp-json\/wp\/v2\/media?parent=170518"}],"wp:term":[{"taxonomy":"category","embeddable":true,"href":"https:\/\/www.caririemacao.com\/1\/wp-json\/wp\/v2\/categories?post=170518"},{"taxonomy":"post_tag","embeddable":true,"href":"https:\/\/www.caririemacao.com\/1\/wp-json\/wp\/v2\/tags?post=170518"}],"curies":[{"name":"wp","href":"https:\/\/api.w.org\/{rel}","templated":true}]}}