{"id":170535,"date":"2020-05-20T10:29:30","date_gmt":"2020-05-20T13:29:30","guid":{"rendered":"https:\/\/www.caririemacao.com\/1\/?p=170535"},"modified":"2020-05-20T10:29:30","modified_gmt":"2020-05-20T13:29:30","slug":"saude-de-sume-descarta-mais-um-caso-de-covid-19-no-municipio","status":"publish","type":"post","link":"https:\/\/www.caririemacao.com\/1\/2020\/05\/20\/saude-de-sume-descarta-mais-um-caso-de-covid-19-no-municipio\/","title":{"rendered":"Sa\u00fade de Sum\u00e9 descarta mais um caso de Covid-19 no munic\u00edpio"},"content":{"rendered":"\n<p>O caso suspeito de Covid-19 do munic\u00edpio de Sum\u00e9 investigado no \u00faltimo dia 09\/05 testou negativo para coronav\u00edrus.<\/p>\n\n\n\n<p>O caso foi submetido ao exame de Swab nasofaringe e encaminhado para o Laborat\u00f3rio Central de Sa\u00fade P\u00fablica da Para\u00edba (Lacen) h\u00e1 12 dias.<\/p>\n\n\n\n<p>O resultado do exame foi recebido no in\u00edcio da manh\u00e3 desta quarta-feira (20\/05) pela Secretaria de Sa\u00fade do munic\u00edpio.<br>Nessa ter\u00e7a-feira (19), o munic\u00edpio de Sum\u00e9 registrou o primeiro caso de Covid-19, diagnosticado atrav\u00e9s de teste r\u00e1pido. A secret\u00e1ria de Sa\u00fade, Alessandra Regina, informa que a equipe da unidade b\u00e1sica de sa\u00fade, onde o paciente foi atendido, est\u00e1 fazendo o estudo epidemiol\u00f3gico, dentro dos protocolos recomendados pela OMS, com todas as pessoas que mantiveram contato com o paciente.<\/p>\n\n\n\n<p>A Prefeitura de Sum\u00e9 refor\u00e7a \u00e0 popula\u00e7\u00e3o que redobrem os cuidados contra o coronav\u00edrus, que saiam de casa somente para necessidades urgentes, usem a m\u00e1scara e higienizem sempre as m\u00e3os com \u00e1gua e sab\u00e3o ou \u00e1lcool gel 70%.<\/p>\n\n\n\n<p><em>Ascom PMS \u2013 Foto: HMais<\/em><\/p>\n","protected":false},"excerpt":{"rendered":"<p>O caso suspeito de Covid-19 do munic\u00edpio de Sum\u00e9 investigado no \u00faltimo dia 09\/05 testou negativo para coronav\u00edrus. O caso foi submetido ao exame de&hellip; <\/p>\n","protected":false},"author":2,"featured_media":170536,"comment_status":"closed","ping_status":"closed","sticky":false,"template":"","format":"standard","meta":{"sfsi_plus_gutenberg_text_before_share":"","sfsi_plus_gutenberg_show_text_before_share":"","sfsi_plus_gutenberg_icon_type":"","sfsi_plus_gutenberg_icon_alignemt":"","sfsi_plus_gutenburg_max_per_row":"","footnotes":""},"categories":[6],"tags":[],"class_list":["post-170535","post","type-post","status-publish","format-standard","has-post-thumbnail","hentry","category-cidades"],"_links":{"self":[{"href":"https:\/\/www.caririemacao.com\/1\/wp-json\/wp\/v2\/posts\/170535","targetHints":{"allow":["GET"]}}],"collection":[{"href":"https:\/\/www.caririemacao.com\/1\/wp-json\/wp\/v2\/posts"}],"about":[{"href":"https:\/\/www.caririemacao.com\/1\/wp-json\/wp\/v2\/types\/post"}],"author":[{"embeddable":true,"href":"https:\/\/www.caririemacao.com\/1\/wp-json\/wp\/v2\/users\/2"}],"replies":[{"embeddable":true,"href":"https:\/\/www.caririemacao.com\/1\/wp-json\/wp\/v2\/comments?post=170535"}],"version-history":[{"count":1,"href":"https:\/\/www.caririemacao.com\/1\/wp-json\/wp\/v2\/posts\/170535\/revisions"}],"predecessor-version":[{"id":170537,"href":"https:\/\/www.caririemacao.com\/1\/wp-json\/wp\/v2\/posts\/170535\/revisions\/170537"}],"wp:featuredmedia":[{"embeddable":true,"href":"https:\/\/www.caririemacao.com\/1\/wp-json\/wp\/v2\/media\/170536"}],"wp:attachment":[{"href":"https:\/\/www.caririemacao.com\/1\/wp-json\/wp\/v2\/media?parent=170535"}],"wp:term":[{"taxonomy":"category","embeddable":true,"href":"https:\/\/www.caririemacao.com\/1\/wp-json\/wp\/v2\/categories?post=170535"},{"taxonomy":"post_tag","embeddable":true,"href":"https:\/\/www.caririemacao.com\/1\/wp-json\/wp\/v2\/tags?post=170535"}],"curies":[{"name":"wp","href":"https:\/\/api.w.org\/{rel}","templated":true}]}}