{"id":170540,"date":"2020-05-20T10:39:28","date_gmt":"2020-05-20T13:39:28","guid":{"rendered":"https:\/\/www.caririemacao.com\/1\/?p=170540"},"modified":"2020-05-20T10:39:28","modified_gmt":"2020-05-20T13:39:28","slug":"regina-duarte-e-mais-uma-a-deixar-bolsonaro","status":"publish","type":"post","link":"https:\/\/www.caririemacao.com\/1\/2020\/05\/20\/regina-duarte-e-mais-uma-a-deixar-bolsonaro\/","title":{"rendered":"Regina Duarte \u00e9 mais uma a deixar Bolsonaro"},"content":{"rendered":"\n<p>A secret\u00e1ria de Cultura do governo Bolsonaro, Regina Duarte, deixou o cargo na manh\u00e3 desta quarta-feira (20). Acompanhada da deputada federal Carla Zambelli (PSL-SP), a atriz se reuniu com o presidente no Pal\u00e1cio da Alvorada e comunicou a sa\u00edda.<\/p>\n\n\n\n<p>Bolsonaro falou sobre a baixa e revelou os motivos que levaram a atriz a deixar o cargo. \u201cRegina Duarte relatou que sente falta de sua fam\u00edlia, mas para que ela possa continuar contribuindo com o Governo e a Cultura Brasileira assumir\u00e1, em alguns dias, a Cinemateca em SP. Nos pr\u00f3ximos dias, durante a transi\u00e7\u00e3o, ser\u00e1 mostrado o trabalho j\u00e1 realizado nos \u00faltimos 60 dias\u201d, afirmou o presidente, nas redes sociais.<\/p>\n\n\n\n<p>Pol\u00eamicas<\/p>\n\n\n\n<p>Regina passou pouco mais de dois meses \u00e0 frente da Secretaria. \u00c0 \u00e9poca, ap\u00f3s longa negocia\u00e7\u00e3o com o presidente, a atriz assumiu o cargo no dia 4 de mar\u00e7o deste ano.<\/p>\n\n\n\n<p>De l\u00e1 para c\u00e1, Regina se envolveu em pol\u00eamicas e entraves com atores e membros de outras classes art\u00edsticas. Carolina Ferraz, por exemplo, teve sua foto publicada em uma rede social de Regina e pediu para remover a imagem, demonstrando ser contr\u00e1ria \u00e0 colega de profiss\u00e3o e ao governo.<\/p>\n\n\n\n<p>Tamb\u00e9m houve ru\u00eddo de comunica\u00e7\u00e3o com o pr\u00f3prio presidente. Regina demitiu da Funarte o ent\u00e3o presidente Dante Mantovani, ap\u00f3s pol\u00eamicas sobre compara\u00e7\u00e3o entre rock e satanismo. Tempos depois, Bolsonaro readmitiu Mantovani, mesmo a&nbsp;contragosto da secret\u00e1ria.<\/p>\n\n\n\n<p>Contudo, o que mais marcou o mandato de Regina foram as declara\u00e7\u00f5es dadas \u00e0 emissora CNN. No \u00faltimo dia 7 de maio, a ent\u00e3o secret\u00e1ria relativizou as mortes ocorridas na \u00e9poca da ditadura militar, se recusou a ouvir uma pergunta e abandonou, ao vivo, o est\u00fadio onde a entrevista ocorria.\u00a0<\/p>\n\n\n\n<figure class=\"wp-block-embed-youtube wp-block-embed is-type-video is-provider-youtube wp-embed-aspect-16-9 wp-has-aspect-ratio\"><div class=\"wp-block-embed__wrapper\">\nhttps:\/\/youtu.be\/tgy1j8QERak\n<\/div><\/figure>\n","protected":false},"excerpt":{"rendered":"<p>A secret\u00e1ria de Cultura do governo Bolsonaro, Regina Duarte, deixou o cargo na manh\u00e3 desta quarta-feira (20). Acompanhada da deputada federal Carla Zambelli (PSL-SP), a&hellip; <\/p>\n","protected":false},"author":1,"featured_media":170544,"comment_status":"closed","ping_status":"closed","sticky":false,"template":"","format":"standard","meta":{"sfsi_plus_gutenberg_text_before_share":"","sfsi_plus_gutenberg_show_text_before_share":"","sfsi_plus_gutenberg_icon_type":"","sfsi_plus_gutenberg_icon_alignemt":"","sfsi_plus_gutenburg_max_per_row":"","footnotes":""},"categories":[50,2],"tags":[],"class_list":["post-170540","post","type-post","status-publish","format-standard","has-post-thumbnail","hentry","category-destaque","category-geral"],"_links":{"self":[{"href":"https:\/\/www.caririemacao.com\/1\/wp-json\/wp\/v2\/posts\/170540","targetHints":{"allow":["GET"]}}],"collection":[{"href":"https:\/\/www.caririemacao.com\/1\/wp-json\/wp\/v2\/posts"}],"about":[{"href":"https:\/\/www.caririemacao.com\/1\/wp-json\/wp\/v2\/types\/post"}],"author":[{"embeddable":true,"href":"https:\/\/www.caririemacao.com\/1\/wp-json\/wp\/v2\/users\/1"}],"replies":[{"embeddable":true,"href":"https:\/\/www.caririemacao.com\/1\/wp-json\/wp\/v2\/comments?post=170540"}],"version-history":[{"count":1,"href":"https:\/\/www.caririemacao.com\/1\/wp-json\/wp\/v2\/posts\/170540\/revisions"}],"predecessor-version":[{"id":170545,"href":"https:\/\/www.caririemacao.com\/1\/wp-json\/wp\/v2\/posts\/170540\/revisions\/170545"}],"wp:featuredmedia":[{"embeddable":true,"href":"https:\/\/www.caririemacao.com\/1\/wp-json\/wp\/v2\/media\/170544"}],"wp:attachment":[{"href":"https:\/\/www.caririemacao.com\/1\/wp-json\/wp\/v2\/media?parent=170540"}],"wp:term":[{"taxonomy":"category","embeddable":true,"href":"https:\/\/www.caririemacao.com\/1\/wp-json\/wp\/v2\/categories?post=170540"},{"taxonomy":"post_tag","embeddable":true,"href":"https:\/\/www.caririemacao.com\/1\/wp-json\/wp\/v2\/tags?post=170540"}],"curies":[{"name":"wp","href":"https:\/\/api.w.org\/{rel}","templated":true}]}}