{"id":170541,"date":"2020-05-20T10:35:21","date_gmt":"2020-05-20T13:35:21","guid":{"rendered":"https:\/\/www.caririemacao.com\/1\/?p=170541"},"modified":"2020-05-20T10:35:21","modified_gmt":"2020-05-20T13:35:21","slug":"regina-duarte-deixa-comando-da-secretaria-de-cultura-do-governo-bolsonaro","status":"publish","type":"post","link":"https:\/\/www.caririemacao.com\/1\/2020\/05\/20\/regina-duarte-deixa-comando-da-secretaria-de-cultura-do-governo-bolsonaro\/","title":{"rendered":"Regina Duarte deixa comando da secretaria de Cultura do governo Bolsonaro"},"content":{"rendered":"\n<p>O presidente Jair Bolsonaro anunciou nesta quarta-feira (20) a sa\u00edda da atriz Regina Duarte do cargo de secret\u00e1ria especial de Cultura.<\/p>\n\n\n\n<p>Em publica\u00e7\u00e3o em uma rede social, o presidente afirmou que ela assumir\u00e1 a Cinemateca em S\u00e3o Paulo.<\/p>\n\n\n\n<p>&#8220;Regina Duarte relatou que sente falta de sua fam\u00edlia, mas para que ela possa continuar contribuindo com o Governo e a Cultura Brasileira assumir\u00e1, em alguns dias, a Cinemateca em SP. Nos pr\u00f3ximos dias, durante a transi\u00e7\u00e3o, ser\u00e1 mostrado o trabalho j\u00e1 realizado nos \u00faltimos 60 dias&#8221;, afirmou Bolsonaro.<\/p>\n\n\n\n<p>Regina Duarte assumiu a pasta em 4 de mar\u00e7o, com a miss\u00e3o de &#8220;pacificar&#8221; o embate entre a classe art\u00edstica e a ind\u00fastria da cultura com o governo federal.<\/p>\n\n\n\n<p>Desde o in\u00edcio do mandato de Bolsonaro, a secretaria teve alta rotatividade em raz\u00e3o de pol\u00eamicas na pasta e em \u00f3rg\u00e3os vinculados a ela.<\/p>\n\n\n\n<p>No dia 5 maio, por exemplo, o governo renomeou maestro Dante Mantovani como presidente da Funda\u00e7\u00e3o Nacional de Artes (Funarte) que tinha sido exonerado por Regina no primeiro dia da atriz \u00e0 frente da secretaria.<\/p>\n\n\n\n<p>Segundo o blog da comentarista do G1 e da TV Globo Andr\u00e9ia Sadi, Regina n\u00e3o foi informada e &#8220;n\u00e3o entendeu&#8221; a nomea\u00e7\u00e3o. Mantovani foi exonerado no mesmo dia e o ministro do Turismo, Marcelo Alvaro Antonio, justificou as mudan\u00e7as por &#8220;quest\u00f5es internas&#8221;.<\/p>\n\n\n\n<p>A sa\u00edda de Regina Duarte do governo j\u00e1 era um desejo da ala ideol\u00f3gica pr\u00f3xima ao presidente, conforme informou a colunista Andr\u00e9ia Sadi nesta ter\u00e7a.<\/p>\n\n\n\n<p>Questionado sobre a perman\u00eancia de Regina no governo, Jair Bolsonaro disse que s\u00f3 presidente e vice n\u00e3o podem ser trocados.<\/p>\n\n\n\n<p>A ala pol\u00edtica do Planalto tentava afastar as especula\u00e7\u00f5es sobre a possibilidade de sa\u00edda de Regina, mas j\u00e1 havia se frustrado com a fala do presidente sobre a secret\u00e1ria na semana passada.<\/p>\n\n\n\n<p>Bolsonaro queria Regina mais pr\u00f3xima<\/p>\n\n\n\n<p>No fim de abril, na portaria do Pal\u00e1cio da Alvorada, o presidente Jair Bolsonaro elogiou Regina Duarte, mas disse que gostaria de v\u00ea-la mais pr\u00f3xima.<\/p>\n\n\n\n<p>Na ocasi\u00e3o, ela estava em S\u00e3o Paulo. O presidente disse tamb\u00e9m que ela estava tendo dificuldade em lidar com quest\u00f5es de &#8220;ideologia de g\u00eanero&#8221;.<\/p>\n\n\n\n<p>&#8220;Infelizmente, a Regina est\u00e1 em S\u00e3o Paulo. Est\u00e1 trabalhando pela internet ali. E eu quero que ela esteja mais pr\u00f3xima. \u00c9 uma excelente pessoa, um bom quadro. \u00c9 tamb\u00e9m uma secretaria que era minist\u00e9rio. Muita gente de esquerda pregando ideologia de g\u00eanero. Essas coisas todas \u00e9 que a sociedade, a massa da popula\u00e7\u00e3o, n\u00e3o admite. Ela tem dificuldade nesse sentido&#8221;, disse o presidente.<\/p>\n","protected":false},"excerpt":{"rendered":"<p>O presidente Jair Bolsonaro anunciou nesta quarta-feira (20) a sa\u00edda da atriz Regina Duarte do cargo de secret\u00e1ria especial de Cultura. Em publica\u00e7\u00e3o em uma&hellip; <\/p>\n","protected":false},"author":2,"featured_media":170384,"comment_status":"closed","ping_status":"closed","sticky":false,"template":"","format":"standard","meta":{"sfsi_plus_gutenberg_text_before_share":"","sfsi_plus_gutenberg_show_text_before_share":"","sfsi_plus_gutenberg_icon_type":"","sfsi_plus_gutenberg_icon_alignemt":"","sfsi_plus_gutenburg_max_per_row":"","footnotes":""},"categories":[11],"tags":[],"class_list":["post-170541","post","type-post","status-publish","format-standard","has-post-thumbnail","hentry","category-politica"],"_links":{"self":[{"href":"https:\/\/www.caririemacao.com\/1\/wp-json\/wp\/v2\/posts\/170541","targetHints":{"allow":["GET"]}}],"collection":[{"href":"https:\/\/www.caririemacao.com\/1\/wp-json\/wp\/v2\/posts"}],"about":[{"href":"https:\/\/www.caririemacao.com\/1\/wp-json\/wp\/v2\/types\/post"}],"author":[{"embeddable":true,"href":"https:\/\/www.caririemacao.com\/1\/wp-json\/wp\/v2\/users\/2"}],"replies":[{"embeddable":true,"href":"https:\/\/www.caririemacao.com\/1\/wp-json\/wp\/v2\/comments?post=170541"}],"version-history":[{"count":1,"href":"https:\/\/www.caririemacao.com\/1\/wp-json\/wp\/v2\/posts\/170541\/revisions"}],"predecessor-version":[{"id":170542,"href":"https:\/\/www.caririemacao.com\/1\/wp-json\/wp\/v2\/posts\/170541\/revisions\/170542"}],"wp:featuredmedia":[{"embeddable":true,"href":"https:\/\/www.caririemacao.com\/1\/wp-json\/wp\/v2\/media\/170384"}],"wp:attachment":[{"href":"https:\/\/www.caririemacao.com\/1\/wp-json\/wp\/v2\/media?parent=170541"}],"wp:term":[{"taxonomy":"category","embeddable":true,"href":"https:\/\/www.caririemacao.com\/1\/wp-json\/wp\/v2\/categories?post=170541"},{"taxonomy":"post_tag","embeddable":true,"href":"https:\/\/www.caririemacao.com\/1\/wp-json\/wp\/v2\/tags?post=170541"}],"curies":[{"name":"wp","href":"https:\/\/api.w.org\/{rel}","templated":true}]}}