{"id":170546,"date":"2020-05-20T11:45:16","date_gmt":"2020-05-20T14:45:16","guid":{"rendered":"https:\/\/www.caririemacao.com\/1\/?p=170546"},"modified":"2020-05-20T13:11:44","modified_gmt":"2020-05-20T16:11:44","slug":"ufpb-abre-900-vagas-para-cursos-a-distancia-gratuitos-na-area-da-saude","status":"publish","type":"post","link":"https:\/\/www.caririemacao.com\/1\/2020\/05\/20\/ufpb-abre-900-vagas-para-cursos-a-distancia-gratuitos-na-area-da-saude\/","title":{"rendered":"UFPB abre 900 vagas para cursos \u00e0 dist\u00e2ncia gratuitos na \u00e1rea da sa\u00fade"},"content":{"rendered":"\n<p>A Escola T\u00e9cnica de Sa\u00fade da Universidade\u00a0Federal da Para\u00edba (UFPB) oferece 900 vagas para nove especialidades de cursos \u00e0 dist\u00e2ncia gratuitos.De acordo com o\u00a0edital, o per\u00edodo de inscri\u00e7\u00f5es vai at\u00e9 sexta-feira (22), por meio do\u00a0Sistema Integrado\u00a0de\u00a0Gest\u00e3o\u00a0de\u00a0Atividades Acad\u00eamica (Sigaa)\u00a0da UFPB.<\/p>\n\n\n\n<p>Os interessados devem possuir Ensino Fundamental I ou Ensino Fundamental II e idade entre 16 e 18 anos, a depender do curso escolhido.<\/p>\n\n\n\n<p>Entre as op\u00e7\u00f5es de capacita\u00e7\u00e3o, est\u00e3o Agente de Combate a Endemias, Cuidador de Idoso, Maqueiro, Agente de Desenvolvimento Socioambiental, Auxiliar de Laborat\u00f3rio de Sa\u00fade, Balconista de Farm\u00e1cia, Higienista em Servi\u00e7os de Sa\u00fade, Auxiliar de Gest\u00e3o de Res\u00edduos S\u00f3lidos e Recepcionista em Servi\u00e7os de Sa\u00fade.<\/p>\n\n\n\n<p>O processo seletivo ser\u00e1 por ordem de inscri\u00e7\u00e3o. Caso existam mais inscritos do que as vagas dispon\u00edveis (100 para cada curso), haver\u00e1 lista de espera. O quadro de excedentes constar\u00e1 de at\u00e9 50% do total de vagas do curso \u2013 o que corresponde a 150 pessoas inscritas.<\/p>\n\n\n\n<p>A lista de inscri\u00e7\u00f5es est\u00e1 prevista para ser divulgada no dia&nbsp;25 de&nbsp;maio, no&nbsp;<a href=\"http:\/\/www.ets.ufpb.br\/\">site<\/a>&nbsp;da Escola T\u00e9cnica de Sa\u00fade.&nbsp;<\/p>\n\n\n\n<p>Outras informa\u00e7\u00f5es podem ser obtidas no&nbsp;<a href=\"https:\/\/sig-arq.ufpb.br\/arquivos\/202018311265b12151333329274f4b813\/EDITAL_07_2020_PROEX_ETS_UFPB_NOVOS_CAMINHOS_ALUNOS.pdf\">edital<\/a>&nbsp;do processo seletivo.<\/p>\n","protected":false},"excerpt":{"rendered":"<p>A Escola T\u00e9cnica de Sa\u00fade da Universidade\u00a0Federal da Para\u00edba (UFPB) oferece 900 vagas para nove especialidades de cursos \u00e0 dist\u00e2ncia gratuitos.De acordo com o\u00a0edital, o&hellip; <\/p>\n","protected":false},"author":2,"featured_media":170547,"comment_status":"closed","ping_status":"closed","sticky":false,"template":"","format":"standard","meta":{"sfsi_plus_gutenberg_text_before_share":"","sfsi_plus_gutenberg_show_text_before_share":"","sfsi_plus_gutenberg_icon_type":"","sfsi_plus_gutenberg_icon_alignemt":"","sfsi_plus_gutenburg_max_per_row":"","footnotes":""},"categories":[2],"tags":[],"class_list":["post-170546","post","type-post","status-publish","format-standard","has-post-thumbnail","hentry","category-geral"],"_links":{"self":[{"href":"https:\/\/www.caririemacao.com\/1\/wp-json\/wp\/v2\/posts\/170546","targetHints":{"allow":["GET"]}}],"collection":[{"href":"https:\/\/www.caririemacao.com\/1\/wp-json\/wp\/v2\/posts"}],"about":[{"href":"https:\/\/www.caririemacao.com\/1\/wp-json\/wp\/v2\/types\/post"}],"author":[{"embeddable":true,"href":"https:\/\/www.caririemacao.com\/1\/wp-json\/wp\/v2\/users\/2"}],"replies":[{"embeddable":true,"href":"https:\/\/www.caririemacao.com\/1\/wp-json\/wp\/v2\/comments?post=170546"}],"version-history":[{"count":2,"href":"https:\/\/www.caririemacao.com\/1\/wp-json\/wp\/v2\/posts\/170546\/revisions"}],"predecessor-version":[{"id":170567,"href":"https:\/\/www.caririemacao.com\/1\/wp-json\/wp\/v2\/posts\/170546\/revisions\/170567"}],"wp:featuredmedia":[{"embeddable":true,"href":"https:\/\/www.caririemacao.com\/1\/wp-json\/wp\/v2\/media\/170547"}],"wp:attachment":[{"href":"https:\/\/www.caririemacao.com\/1\/wp-json\/wp\/v2\/media?parent=170546"}],"wp:term":[{"taxonomy":"category","embeddable":true,"href":"https:\/\/www.caririemacao.com\/1\/wp-json\/wp\/v2\/categories?post=170546"},{"taxonomy":"post_tag","embeddable":true,"href":"https:\/\/www.caririemacao.com\/1\/wp-json\/wp\/v2\/tags?post=170546"}],"curies":[{"name":"wp","href":"https:\/\/api.w.org\/{rel}","templated":true}]}}