{"id":170550,"date":"2020-05-20T11:50:25","date_gmt":"2020-05-20T14:50:25","guid":{"rendered":"https:\/\/www.caririemacao.com\/1\/?p=170550"},"modified":"2020-05-20T11:50:25","modified_gmt":"2020-05-20T14:50:25","slug":"quadrilha-especializada-em-roubo-de-cargas-e-desarticulada-na-paraiba","status":"publish","type":"post","link":"https:\/\/www.caririemacao.com\/1\/2020\/05\/20\/quadrilha-especializada-em-roubo-de-cargas-e-desarticulada-na-paraiba\/","title":{"rendered":"Quadrilha especializada em roubo de cargas \u00e9 desarticulada na Para\u00edba"},"content":{"rendered":"\n<h1 class=\"wp-block-heading\"><\/h1>\n\n\n\n<p><\/p>\n\n\n\n<p>A Pol\u00edcia Militar interceptou uma quadrilha que tomou por assalto um caminh\u00e3o com uma carga de queijos, na madrugada desta quarta-feira (20), no bairro de Mangabeira, em Jo\u00e3o Pessoa, e fez o motorista e um ajudante de ref\u00e9ns.<\/p>\n\n\n\n<p>Os suspeitos t\u00eam idades entre 19 e 21 anos. Eles s\u00e3o da cidade de Campina Grande, para onde pretendiam levar o ve\u00edculo com as v\u00edtimas.<\/p>\n\n\n\n<p>\u201cDesde o momento do crime, quando a Pol\u00edcia Militar recebeu informa\u00e7\u00f5es desse roubo atrav\u00e9s do Ciop [Centro Integrado de Opera\u00e7\u00f5es Policiais], o caminh\u00e3o passou a ser procurado e, com a ajuda do rastreador do ve\u00edculo, conseguimos interceptar a quadrilha, perto de Caf\u00e9 do Vento, na BR 230\u201d, disse.<\/p>\n\n\n\n<p>Os presos estavam com um rev\u00f3lver e um simulacro. Um deles dirigia o caminh\u00e3o no momento da pris\u00e3o, enquanto os outros faziam as v\u00edtimas de ref\u00e9ns. Um carro com outros suspeitos, que possivelmente estava guiando o ve\u00edculo roubado, conseguiu fugir.<\/p>\n\n\n\n<p>Os presos e o caminh\u00e3o recuperado foram levados para a Central de Pol\u00edcia, em Jo\u00e3o Pessoa.<\/p>\n","protected":false},"excerpt":{"rendered":"<p>A Pol\u00edcia Militar interceptou uma quadrilha que tomou por assalto um caminh\u00e3o com uma carga de queijos, na madrugada desta quarta-feira (20), no bairro de&hellip; <\/p>\n","protected":false},"author":2,"featured_media":170551,"comment_status":"closed","ping_status":"closed","sticky":false,"template":"","format":"standard","meta":{"sfsi_plus_gutenberg_text_before_share":"","sfsi_plus_gutenberg_show_text_before_share":"","sfsi_plus_gutenberg_icon_type":"","sfsi_plus_gutenberg_icon_alignemt":"","sfsi_plus_gutenburg_max_per_row":"","footnotes":""},"categories":[12],"tags":[],"class_list":["post-170550","post","type-post","status-publish","format-standard","has-post-thumbnail","hentry","category-policia"],"_links":{"self":[{"href":"https:\/\/www.caririemacao.com\/1\/wp-json\/wp\/v2\/posts\/170550","targetHints":{"allow":["GET"]}}],"collection":[{"href":"https:\/\/www.caririemacao.com\/1\/wp-json\/wp\/v2\/posts"}],"about":[{"href":"https:\/\/www.caririemacao.com\/1\/wp-json\/wp\/v2\/types\/post"}],"author":[{"embeddable":true,"href":"https:\/\/www.caririemacao.com\/1\/wp-json\/wp\/v2\/users\/2"}],"replies":[{"embeddable":true,"href":"https:\/\/www.caririemacao.com\/1\/wp-json\/wp\/v2\/comments?post=170550"}],"version-history":[{"count":1,"href":"https:\/\/www.caririemacao.com\/1\/wp-json\/wp\/v2\/posts\/170550\/revisions"}],"predecessor-version":[{"id":170552,"href":"https:\/\/www.caririemacao.com\/1\/wp-json\/wp\/v2\/posts\/170550\/revisions\/170552"}],"wp:featuredmedia":[{"embeddable":true,"href":"https:\/\/www.caririemacao.com\/1\/wp-json\/wp\/v2\/media\/170551"}],"wp:attachment":[{"href":"https:\/\/www.caririemacao.com\/1\/wp-json\/wp\/v2\/media?parent=170550"}],"wp:term":[{"taxonomy":"category","embeddable":true,"href":"https:\/\/www.caririemacao.com\/1\/wp-json\/wp\/v2\/categories?post=170550"},{"taxonomy":"post_tag","embeddable":true,"href":"https:\/\/www.caririemacao.com\/1\/wp-json\/wp\/v2\/tags?post=170550"}],"curies":[{"name":"wp","href":"https:\/\/api.w.org\/{rel}","templated":true}]}}