{"id":170554,"date":"2020-05-20T11:54:35","date_gmt":"2020-05-20T14:54:35","guid":{"rendered":"https:\/\/www.caririemacao.com\/1\/?p=170554"},"modified":"2020-05-20T11:54:35","modified_gmt":"2020-05-20T14:54:35","slug":"um-dia-depois-de-piada-com-cloroquina-bolsonaro-lamenta-mortes-por-covid-19","status":"publish","type":"post","link":"https:\/\/www.caririemacao.com\/1\/2020\/05\/20\/um-dia-depois-de-piada-com-cloroquina-bolsonaro-lamenta-mortes-por-covid-19\/","title":{"rendered":"Um dia depois de piada com cloroquina, Bolsonaro lamenta mortes por Covid-19"},"content":{"rendered":"\n<h1 class=\"wp-block-heading\"><\/h1>\n\n\n\n<p>\u201cDias dif\u00edceis. Lamentamos os que nos deixaram\u201d, escreveu Bolsonaro em uma rede social logo ao amanhecer.<\/p>\n\n\n\n<p>Na ter\u00e7a-feira (19), o Brasil rompeu a marca simb\u00f3lica de mais de mil mortes di\u00e1rias em decorr\u00eancia do novo coronav\u00edrus. Ao todo, s\u00e3o 17.971 \u00f3bitos e 271.628 casos confirmados, segundo o Minist\u00e9rio da Sa\u00fade.<\/p>\n\n\n\n<p>A propaganda oficial do governo ignorou a escalada de \u00f3bitos. Pe\u00e7a da Secom (Secretaria de Comunica\u00e7\u00e3o) publicada no Twitter preferiu destacar o que chama de \u201cplacar da vida\u201d, com n\u00fameros de curados. A postagem recebeu uma enxurrada de cr\u00edticas dos internautas.<\/p>\n\n\n\n<p>Na mesma noite, em uma entrevista na internet (foto), Bolsonaro n\u00e3o fez qualquer coment\u00e1rio sobre o recorde de mortes, mas fez piada sobre a politiza\u00e7\u00e3o acerca do uso da hidroxicloroquina -medicamento sem comprovada efic\u00e1cia contra a doen\u00e7a.<\/p>\n\n\n\n<p>\u201cQuem \u00e9 de direita toma cloroquina. Quem \u00e9 de esquerda toma Tuba\u00edna\u201d, ironizou, referindo-se a uma marca de refrigerante.<\/p>\n\n\n\n<p>Na mesma transmiss\u00e3o, o presidente afirmou que o ministro interino da Sa\u00fade, general Eduardo Pazuello, assinar\u00e1 na manh\u00e3 desta quarta-feira novo protocolo que permitir\u00e1 o uso da cloroquina em pacientes em est\u00e1gio inicial de cont\u00e1gio do coronav\u00edrus.<\/p>\n\n\n\n<p>O assunto foi abordado novamente na publica\u00e7\u00e3o feita nesta manh\u00e3.<\/p>\n\n\n\n<p>\u201cHoje teremos novo protocolo sobre a cloroquina pelo Minist\u00e9rio da Sa\u00fade. Uma esperan\u00e7a, como relatado por muitos que a usaram. Que Deus aben\u00e7oe o nosso Brasil\u201d, escreveu Bolsonaro.<\/p>\n","protected":false},"excerpt":{"rendered":"<p>\u201cDias dif\u00edceis. Lamentamos os que nos deixaram\u201d, escreveu Bolsonaro em uma rede social logo ao amanhecer. Na ter\u00e7a-feira (19), o Brasil rompeu a marca simb\u00f3lica&hellip; <\/p>\n","protected":false},"author":2,"featured_media":170555,"comment_status":"closed","ping_status":"closed","sticky":false,"template":"","format":"standard","meta":{"sfsi_plus_gutenberg_text_before_share":"","sfsi_plus_gutenberg_show_text_before_share":"","sfsi_plus_gutenberg_icon_type":"","sfsi_plus_gutenberg_icon_alignemt":"","sfsi_plus_gutenburg_max_per_row":"","footnotes":""},"categories":[2],"tags":[],"class_list":["post-170554","post","type-post","status-publish","format-standard","has-post-thumbnail","hentry","category-geral"],"_links":{"self":[{"href":"https:\/\/www.caririemacao.com\/1\/wp-json\/wp\/v2\/posts\/170554","targetHints":{"allow":["GET"]}}],"collection":[{"href":"https:\/\/www.caririemacao.com\/1\/wp-json\/wp\/v2\/posts"}],"about":[{"href":"https:\/\/www.caririemacao.com\/1\/wp-json\/wp\/v2\/types\/post"}],"author":[{"embeddable":true,"href":"https:\/\/www.caririemacao.com\/1\/wp-json\/wp\/v2\/users\/2"}],"replies":[{"embeddable":true,"href":"https:\/\/www.caririemacao.com\/1\/wp-json\/wp\/v2\/comments?post=170554"}],"version-history":[{"count":1,"href":"https:\/\/www.caririemacao.com\/1\/wp-json\/wp\/v2\/posts\/170554\/revisions"}],"predecessor-version":[{"id":170556,"href":"https:\/\/www.caririemacao.com\/1\/wp-json\/wp\/v2\/posts\/170554\/revisions\/170556"}],"wp:featuredmedia":[{"embeddable":true,"href":"https:\/\/www.caririemacao.com\/1\/wp-json\/wp\/v2\/media\/170555"}],"wp:attachment":[{"href":"https:\/\/www.caririemacao.com\/1\/wp-json\/wp\/v2\/media?parent=170554"}],"wp:term":[{"taxonomy":"category","embeddable":true,"href":"https:\/\/www.caririemacao.com\/1\/wp-json\/wp\/v2\/categories?post=170554"},{"taxonomy":"post_tag","embeddable":true,"href":"https:\/\/www.caririemacao.com\/1\/wp-json\/wp\/v2\/tags?post=170554"}],"curies":[{"name":"wp","href":"https:\/\/api.w.org\/{rel}","templated":true}]}}