{"id":170562,"date":"2020-05-20T12:01:27","date_gmt":"2020-05-20T15:01:27","guid":{"rendered":"https:\/\/www.caririemacao.com\/1\/?p=170562"},"modified":"2020-05-20T12:01:27","modified_gmt":"2020-05-20T15:01:27","slug":"seis-medicos-ja-morreram-por-covid-19-na-paraiba-segundo-levantamento-do-crm-pb","status":"publish","type":"post","link":"https:\/\/www.caririemacao.com\/1\/2020\/05\/20\/seis-medicos-ja-morreram-por-covid-19-na-paraiba-segundo-levantamento-do-crm-pb\/","title":{"rendered":"Seis m\u00e9dicos j\u00e1 morreram por Covid-19 na Para\u00edba, segundo levantamento do CRM-PB"},"content":{"rendered":"\n<h1 class=\"wp-block-heading\"><\/h1>\n\n\n\n<p>Levantamento realizado pelo Conselho Regional de Medicina da Para\u00edba (CRM-PB) com diretores t\u00e9cnicos de 14 unidades hospitalares p\u00fablicas e privadas de todo o Estado revela que havia, na \u00faltima quinta-feira (14), 628 profissionais de sa\u00fade com suspeita de Covid-19. Desde o in\u00edcio da pandemia, seis m\u00e9dicos j\u00e1 morreram no Estado v\u00edtimas do novo coronav\u00edrus. Segundo Boletim Epidemiol\u00f3gico da Secretaria Estadual de Sa\u00fade, divulgado nesta ter\u00e7a-feira (19), h\u00e1 289 casos confirmados entre as equipes de sa\u00fade. Estes n\u00fameros, entretanto, devem ser maiores devido \u00e0 subnotifica\u00e7\u00e3o.<\/p>\n\n\n\n<p>Desde o in\u00edcio da pandemia foram registradas as mortes dos m\u00e9dicos Maria de F\u00e1tima \u00c1vila, 60 anos, em 13\/04; Solon Pereira Lopes Ferreira, 61 anos, cl\u00ednico geral, em 06\/05; Geraldo Ant\u00f4nio Leite, 75 anos, em 09\/05; Marcos Antonio Barbosa de Paiva, 67 anos, em 15\/05, Oriel Brilhante Oliveira, 77 anos, em 17\/05, Orlando Augusto Damascena, 71 anos, ginecologista e obstetra, em 20\/05.<\/p>\n\n\n\n<p>Para o presidente do CRM-PB, Roberto Magliano de Morais, \u00e9 preciso que o poder p\u00fablico garanta a seguran\u00e7a para as equipe de sa\u00fade de todo o Estado. \u201cHoje, j\u00e1 contabilizamos seis m\u00e9dicos mortos pela Covid-19 na Para\u00edba. Eram profissionais que estavam na ativa, oferecendo o que tinham de melhor, que era prestar aux\u00edlio e socorro m\u00e9dico a quem precisava. Quanto mais m\u00e9dicos infectados, menos profissionais teremos para enfrentar essa batalha. Preocupa tamb\u00e9m que garantias trabalhistas estes profissionais ter\u00e3o enquanto estiverem adoecidos e sem trabalhar\u201d, destacou.<\/p>\n","protected":false},"excerpt":{"rendered":"<p>Levantamento realizado pelo Conselho Regional de Medicina da Para\u00edba (CRM-PB) com diretores t\u00e9cnicos de 14 unidades hospitalares p\u00fablicas e privadas de todo o Estado revela&hellip; <\/p>\n","protected":false},"author":2,"featured_media":170563,"comment_status":"closed","ping_status":"closed","sticky":false,"template":"","format":"standard","meta":{"sfsi_plus_gutenberg_text_before_share":"","sfsi_plus_gutenberg_show_text_before_share":"","sfsi_plus_gutenberg_icon_type":"","sfsi_plus_gutenberg_icon_alignemt":"","sfsi_plus_gutenburg_max_per_row":"","footnotes":""},"categories":[16],"tags":[],"class_list":["post-170562","post","type-post","status-publish","format-standard","has-post-thumbnail","hentry","category-saude"],"_links":{"self":[{"href":"https:\/\/www.caririemacao.com\/1\/wp-json\/wp\/v2\/posts\/170562","targetHints":{"allow":["GET"]}}],"collection":[{"href":"https:\/\/www.caririemacao.com\/1\/wp-json\/wp\/v2\/posts"}],"about":[{"href":"https:\/\/www.caririemacao.com\/1\/wp-json\/wp\/v2\/types\/post"}],"author":[{"embeddable":true,"href":"https:\/\/www.caririemacao.com\/1\/wp-json\/wp\/v2\/users\/2"}],"replies":[{"embeddable":true,"href":"https:\/\/www.caririemacao.com\/1\/wp-json\/wp\/v2\/comments?post=170562"}],"version-history":[{"count":1,"href":"https:\/\/www.caririemacao.com\/1\/wp-json\/wp\/v2\/posts\/170562\/revisions"}],"predecessor-version":[{"id":170564,"href":"https:\/\/www.caririemacao.com\/1\/wp-json\/wp\/v2\/posts\/170562\/revisions\/170564"}],"wp:featuredmedia":[{"embeddable":true,"href":"https:\/\/www.caririemacao.com\/1\/wp-json\/wp\/v2\/media\/170563"}],"wp:attachment":[{"href":"https:\/\/www.caririemacao.com\/1\/wp-json\/wp\/v2\/media?parent=170562"}],"wp:term":[{"taxonomy":"category","embeddable":true,"href":"https:\/\/www.caririemacao.com\/1\/wp-json\/wp\/v2\/categories?post=170562"},{"taxonomy":"post_tag","embeddable":true,"href":"https:\/\/www.caririemacao.com\/1\/wp-json\/wp\/v2\/tags?post=170562"}],"curies":[{"name":"wp","href":"https:\/\/api.w.org\/{rel}","templated":true}]}}