{"id":170568,"date":"2020-05-20T13:28:32","date_gmt":"2020-05-20T16:28:32","guid":{"rendered":"https:\/\/www.caririemacao.com\/1\/?p=170568"},"modified":"2020-05-20T13:28:32","modified_gmt":"2020-05-20T16:28:32","slug":"lula-comemora-impacto-do-coronavirus-na-politica-liberal-de-guedes-ainda-bem-que-a-natureza-criou-esse-monstro-chamado-coronavirus","status":"publish","type":"post","link":"https:\/\/www.caririemacao.com\/1\/2020\/05\/20\/lula-comemora-impacto-do-coronavirus-na-politica-liberal-de-guedes-ainda-bem-que-a-natureza-criou-esse-monstro-chamado-coronavirus\/","title":{"rendered":"Lula comemora impacto do coronav\u00edrus na pol\u00edtica liberal de Guedes: &#8216;Ainda bem que a natureza criou esse monstro chamado coronav\u00edrus&#8217;"},"content":{"rendered":"\n<h1 class=\"wp-block-heading\"><\/h1>\n\n\n\n<p>&nbsp;ex-presidente Luiz In\u00e1cio Lula da Silva comemorou o impacto do Coronav\u00edrus na economia do pa\u00eds.&nbsp;\u201cAinda bem que a natureza criou esse monstro chamado coronav\u00edrus\u201d, disse Lula.&nbsp;<\/p>\n\n\n\n<p>A frase foi pronunciada pelo ex-presidente durante uma live realizada na tarde desta ter\u00e7a-feira (19).&nbsp;<\/p>\n\n\n\n<p>Para o petista, o v\u00edrus que j\u00e1 matou 17,9 mil pessoas no Brasil, tem um lado bom. Com o v\u00edrus, as&nbsp;pessoas v\u00e3o perceber&nbsp;que apenas o Estado \u00e9 capaz de dar a solu\u00e7\u00e3o, &#8220;somente o Estado pode resolver isso&#8221;.&nbsp;<\/p>\n\n\n\n<p>Na sua avalia\u00e7\u00e3o, Bolsonaro deveria parar de choramingar contra governadores e colocar o motor do Estado para sustentar a atividade econ\u00f4mica na pandemia.<\/p>\n\n\n\n<p>A fala de Lula \u00e9 uma cr\u00edtica ao governo de Bolsonaro&nbsp;que insiste em reabrir o com\u00e9rcio em meio \u00e0 pandemia, e afirma&nbsp;que o Estado precisa impulsionar a atividade econ\u00f4mica.<\/p>\n","protected":false},"excerpt":{"rendered":"<p>&nbsp;ex-presidente Luiz In\u00e1cio Lula da Silva comemorou o impacto do Coronav\u00edrus na economia do pa\u00eds.&nbsp;\u201cAinda bem que a natureza criou esse monstro chamado coronav\u00edrus\u201d, disse&hellip; <\/p>\n","protected":false},"author":2,"featured_media":170569,"comment_status":"closed","ping_status":"closed","sticky":false,"template":"","format":"standard","meta":{"sfsi_plus_gutenberg_text_before_share":"","sfsi_plus_gutenberg_show_text_before_share":"","sfsi_plus_gutenberg_icon_type":"","sfsi_plus_gutenberg_icon_alignemt":"","sfsi_plus_gutenburg_max_per_row":"","footnotes":""},"categories":[2],"tags":[],"class_list":["post-170568","post","type-post","status-publish","format-standard","has-post-thumbnail","hentry","category-geral"],"_links":{"self":[{"href":"https:\/\/www.caririemacao.com\/1\/wp-json\/wp\/v2\/posts\/170568","targetHints":{"allow":["GET"]}}],"collection":[{"href":"https:\/\/www.caririemacao.com\/1\/wp-json\/wp\/v2\/posts"}],"about":[{"href":"https:\/\/www.caririemacao.com\/1\/wp-json\/wp\/v2\/types\/post"}],"author":[{"embeddable":true,"href":"https:\/\/www.caririemacao.com\/1\/wp-json\/wp\/v2\/users\/2"}],"replies":[{"embeddable":true,"href":"https:\/\/www.caririemacao.com\/1\/wp-json\/wp\/v2\/comments?post=170568"}],"version-history":[{"count":1,"href":"https:\/\/www.caririemacao.com\/1\/wp-json\/wp\/v2\/posts\/170568\/revisions"}],"predecessor-version":[{"id":170570,"href":"https:\/\/www.caririemacao.com\/1\/wp-json\/wp\/v2\/posts\/170568\/revisions\/170570"}],"wp:featuredmedia":[{"embeddable":true,"href":"https:\/\/www.caririemacao.com\/1\/wp-json\/wp\/v2\/media\/170569"}],"wp:attachment":[{"href":"https:\/\/www.caririemacao.com\/1\/wp-json\/wp\/v2\/media?parent=170568"}],"wp:term":[{"taxonomy":"category","embeddable":true,"href":"https:\/\/www.caririemacao.com\/1\/wp-json\/wp\/v2\/categories?post=170568"},{"taxonomy":"post_tag","embeddable":true,"href":"https:\/\/www.caririemacao.com\/1\/wp-json\/wp\/v2\/tags?post=170568"}],"curies":[{"name":"wp","href":"https:\/\/api.w.org\/{rel}","templated":true}]}}