{"id":170572,"date":"2020-05-20T13:30:14","date_gmt":"2020-05-20T16:30:14","guid":{"rendered":"https:\/\/www.caririemacao.com\/1\/?p=170572"},"modified":"2020-05-20T13:30:14","modified_gmt":"2020-05-20T16:30:14","slug":"paraiba-ja-recebeu-40-dos-84-respiradores-adquiridos-pelo-governo-do-estado","status":"publish","type":"post","link":"https:\/\/www.caririemacao.com\/1\/2020\/05\/20\/paraiba-ja-recebeu-40-dos-84-respiradores-adquiridos-pelo-governo-do-estado\/","title":{"rendered":"Para\u00edba j\u00e1 recebeu 40 dos 84 respiradores adquiridos pelo Governo do Estado"},"content":{"rendered":"\n<h1 class=\"wp-block-heading\"><\/h1>\n\n\n\n<p>A Para\u00edba j\u00e1 recebeu 40 dos 84 respiradores adquiridos pelo Governo do Estado, conforme informa\u00e7\u00f5es do secret\u00e1rio de Estado da Sa\u00fade, Geraldo Medeiros, ao ClickPB.<\/p>\n\n\n\n<p>Destes,&nbsp;<a href=\"https:\/\/www.clickpb.com.br\/saude\/hospital-de-trauma-de-campina-grande-recebe-dez-respiradores-para-equipar-utis-no-atendimento-de-casos-de-covid-19-284284.html\">10 foram destinados ao Hospital de Trauma de Campina Grande<\/a>, onde ser\u00e3o instalados nesta quarta-feira (20), enquanto outros 10 respiradores foram destinados ao Hospital Metropolitano Dom Jos\u00e9 Maria Pires, em Santa Rita.<\/p>\n\n\n\n<p>O secret\u00e1rio explicou que os respiradores foram adquiridos em abril, mas foram confiscados pelo Minist\u00e9rio da Sa\u00fade com o intuito de centralizar as compras de respiradores em todo o Brasil. Agora, os equipamentos est\u00e3o sendo entregues aos poucos.<\/p>\n\n\n\n<p>Na pr\u00f3xima sexta-feira (22) devem chegar mais 30 respiradores e, na semana seguinte, os 14 restantes.<\/p>\n","protected":false},"excerpt":{"rendered":"<p>A Para\u00edba j\u00e1 recebeu 40 dos 84 respiradores adquiridos pelo Governo do Estado, conforme informa\u00e7\u00f5es do secret\u00e1rio de Estado da Sa\u00fade, Geraldo Medeiros, ao ClickPB.&hellip; <\/p>\n","protected":false},"author":2,"featured_media":170573,"comment_status":"closed","ping_status":"closed","sticky":false,"template":"","format":"standard","meta":{"sfsi_plus_gutenberg_text_before_share":"","sfsi_plus_gutenberg_show_text_before_share":"","sfsi_plus_gutenberg_icon_type":"","sfsi_plus_gutenberg_icon_alignemt":"","sfsi_plus_gutenburg_max_per_row":"","footnotes":""},"categories":[2],"tags":[],"class_list":["post-170572","post","type-post","status-publish","format-standard","has-post-thumbnail","hentry","category-geral"],"_links":{"self":[{"href":"https:\/\/www.caririemacao.com\/1\/wp-json\/wp\/v2\/posts\/170572","targetHints":{"allow":["GET"]}}],"collection":[{"href":"https:\/\/www.caririemacao.com\/1\/wp-json\/wp\/v2\/posts"}],"about":[{"href":"https:\/\/www.caririemacao.com\/1\/wp-json\/wp\/v2\/types\/post"}],"author":[{"embeddable":true,"href":"https:\/\/www.caririemacao.com\/1\/wp-json\/wp\/v2\/users\/2"}],"replies":[{"embeddable":true,"href":"https:\/\/www.caririemacao.com\/1\/wp-json\/wp\/v2\/comments?post=170572"}],"version-history":[{"count":1,"href":"https:\/\/www.caririemacao.com\/1\/wp-json\/wp\/v2\/posts\/170572\/revisions"}],"predecessor-version":[{"id":170574,"href":"https:\/\/www.caririemacao.com\/1\/wp-json\/wp\/v2\/posts\/170572\/revisions\/170574"}],"wp:featuredmedia":[{"embeddable":true,"href":"https:\/\/www.caririemacao.com\/1\/wp-json\/wp\/v2\/media\/170573"}],"wp:attachment":[{"href":"https:\/\/www.caririemacao.com\/1\/wp-json\/wp\/v2\/media?parent=170572"}],"wp:term":[{"taxonomy":"category","embeddable":true,"href":"https:\/\/www.caririemacao.com\/1\/wp-json\/wp\/v2\/categories?post=170572"},{"taxonomy":"post_tag","embeddable":true,"href":"https:\/\/www.caririemacao.com\/1\/wp-json\/wp\/v2\/tags?post=170572"}],"curies":[{"name":"wp","href":"https:\/\/api.w.org\/{rel}","templated":true}]}}