{"id":170576,"date":"2020-05-20T13:36:25","date_gmt":"2020-05-20T16:36:25","guid":{"rendered":"https:\/\/www.caririemacao.com\/1\/?p=170576"},"modified":"2020-05-20T13:36:25","modified_gmt":"2020-05-20T16:36:25","slug":"ministerio-promove-concurso-de-mascara-infantil-que-tera-como-premio-uma-tarde-com-damares-e-michele-bolsonaro","status":"publish","type":"post","link":"https:\/\/www.caririemacao.com\/1\/2020\/05\/20\/ministerio-promove-concurso-de-mascara-infantil-que-tera-como-premio-uma-tarde-com-damares-e-michele-bolsonaro\/","title":{"rendered":"Minist\u00e9rio promove concurso de m\u00e1scara infantil, que ter\u00e1 como pr\u00eamio uma tarde com Damares e Michele Bolsonaro"},"content":{"rendered":"\n<h1 class=\"wp-block-heading\"><\/h1>\n\n\n\n<p>O Minist\u00e9rio da Mulher, da Fam\u00edlia e dos Direitos Humanos lan\u00e7ou um concurso nacional infantil&nbsp;para escolher as quatro m\u00e1scaras mais criativas feitas por crian\u00e7as.&nbsp;Ser\u00e3o escolhidos quatro vencedores que ter\u00e3o como pr\u00eamio uma tarde junto com a ministra Damares Alves e a primeira-dama, Michelle Bolsonaro, em Bras\u00edlia.&nbsp;<\/p>\n\n\n\n<p>As crian\u00e7as juntamente com respons\u00e1veis, v\u00e3o conhecer os principais monumentos da capital federal.<\/p>\n\n\n\n<p>A campanha \u201cPequenos her\u00f3is contra o vil\u00e3o coronav\u00edrus\u201d, tem como objetivo&nbsp;ajudar as fam\u00edlias no incentivo ao uso da m\u00e1scara de prote\u00e7\u00e3o por crian\u00e7as para conter a dissemina\u00e7\u00e3o do novo coronav\u00edrus.<\/p>\n\n\n\n<p>Damares gravou um v\u00eddeo que foi divulgado nas redes sociais para dar visibilidade ao edital e nele, ela se apresenta como &#8220;ministra das crian\u00e7as&#8221;.&nbsp;A ministra mostra m\u00e1scaras que ela usa como da &#8220;boca alegre&#8221;, &#8220;mulher aranha&#8221;, &#8220;mulher maravilha&#8221; e &#8220;mulher cobra&#8221;.<\/p>\n\n\n\n<p>Damares informa que no concurso n\u00e3o vale adulto fazer pela crian\u00e7a e a crian\u00e7a que precisa fazer e provar tirando foto. Segundo Damares, as 30 melhores m\u00e1scaras v\u00e3o ganhar um presente &#8220;lindo&#8221;, sem especificar qual.&nbsp;<\/p>\n","protected":false},"excerpt":{"rendered":"<p>O Minist\u00e9rio da Mulher, da Fam\u00edlia e dos Direitos Humanos lan\u00e7ou um concurso nacional infantil&nbsp;para escolher as quatro m\u00e1scaras mais criativas feitas por crian\u00e7as.&nbsp;Ser\u00e3o escolhidos&hellip; <\/p>\n","protected":false},"author":2,"featured_media":170577,"comment_status":"closed","ping_status":"closed","sticky":false,"template":"","format":"standard","meta":{"sfsi_plus_gutenberg_text_before_share":"","sfsi_plus_gutenberg_show_text_before_share":"","sfsi_plus_gutenberg_icon_type":"","sfsi_plus_gutenberg_icon_alignemt":"","sfsi_plus_gutenburg_max_per_row":"","footnotes":""},"categories":[2],"tags":[],"class_list":["post-170576","post","type-post","status-publish","format-standard","has-post-thumbnail","hentry","category-geral"],"_links":{"self":[{"href":"https:\/\/www.caririemacao.com\/1\/wp-json\/wp\/v2\/posts\/170576","targetHints":{"allow":["GET"]}}],"collection":[{"href":"https:\/\/www.caririemacao.com\/1\/wp-json\/wp\/v2\/posts"}],"about":[{"href":"https:\/\/www.caririemacao.com\/1\/wp-json\/wp\/v2\/types\/post"}],"author":[{"embeddable":true,"href":"https:\/\/www.caririemacao.com\/1\/wp-json\/wp\/v2\/users\/2"}],"replies":[{"embeddable":true,"href":"https:\/\/www.caririemacao.com\/1\/wp-json\/wp\/v2\/comments?post=170576"}],"version-history":[{"count":1,"href":"https:\/\/www.caririemacao.com\/1\/wp-json\/wp\/v2\/posts\/170576\/revisions"}],"predecessor-version":[{"id":170578,"href":"https:\/\/www.caririemacao.com\/1\/wp-json\/wp\/v2\/posts\/170576\/revisions\/170578"}],"wp:featuredmedia":[{"embeddable":true,"href":"https:\/\/www.caririemacao.com\/1\/wp-json\/wp\/v2\/media\/170577"}],"wp:attachment":[{"href":"https:\/\/www.caririemacao.com\/1\/wp-json\/wp\/v2\/media?parent=170576"}],"wp:term":[{"taxonomy":"category","embeddable":true,"href":"https:\/\/www.caririemacao.com\/1\/wp-json\/wp\/v2\/categories?post=170576"},{"taxonomy":"post_tag","embeddable":true,"href":"https:\/\/www.caririemacao.com\/1\/wp-json\/wp\/v2\/tags?post=170576"}],"curies":[{"name":"wp","href":"https:\/\/api.w.org\/{rel}","templated":true}]}}