{"id":170583,"date":"2020-05-20T13:44:27","date_gmt":"2020-05-20T16:44:27","guid":{"rendered":"https:\/\/www.caririemacao.com\/1\/?p=170583"},"modified":"2020-05-20T13:44:27","modified_gmt":"2020-05-20T16:44:27","slug":"ministerio-da-saude-divulga-protocolo-que-libera-no-sus-uso-de-cloroquina-ate-em-casos-leves-de-covid-19","status":"publish","type":"post","link":"https:\/\/www.caririemacao.com\/1\/2020\/05\/20\/ministerio-da-saude-divulga-protocolo-que-libera-no-sus-uso-de-cloroquina-ate-em-casos-leves-de-covid-19\/","title":{"rendered":"Minist\u00e9rio da Sa\u00fade divulga protocolo que libera no SUS uso de cloroquina at\u00e9 em casos leves de covid-19"},"content":{"rendered":"\n<h1 class=\"wp-block-heading\"><\/h1>\n\n\n\n<p>O Minist\u00e9rio da Sa\u00fade divulgou nesta quarta-feira (20) o protocolo que libera no SUS o uso da cloroquina at\u00e9 para casos leves de covid-19. At\u00e9 ent\u00e3o, o protocolo previa a medica\u00e7\u00e3o para casos graves.<\/p>\n\n\n\n<p>A mudan\u00e7a no protocolo era um desejo do presidente Jair Bolsonaro, defensor da cloroquina no tratamento da doen\u00e7a causada pelo novo coronav\u00edrus. N\u00e3o h\u00e1 comprova\u00e7\u00e3o cient\u00edfica de que a cloroquina \u00e9 eficaz para covid-19.<\/p>\n\n\n\n<p>O uso da cloroquina foi motivo de atrito entre Bolsonaro e os \u00faltimos dois ministros da Sa\u00fade, Luiz Henrique Mandetta e Nelson Teich. Os dois deixaram o governo, no per\u00edodo de um m\u00eas.<\/p>\n\n\n\n<p>O novo protocolo mant\u00e9m a necessidade de o paciente autorizar o uso da medica\u00e7\u00e3o.<\/p>\n\n\n\n<p>O termo de consentimento, que deve ser assinado pelo paciente, ressalta que &#8220;n\u00e3o existe garantia de resultados positivos&#8221;.<\/p>\n\n\n\n<p><strong>Estudos n\u00e3o veem efic\u00e1cia<\/strong><\/p>\n\n\n\n<p>Duas pesquisas internacionais realizadas com mais de 1.300 pacientes mostraram que a cloroquina e a hidroxicloroquina n\u00e3o t\u00eam efic\u00e1cia contra a covid-19.<\/p>\n\n\n\n<p>Um estudo dos EUA revelou que a taxa de mortalidade dos pacientes tratados com cloroquina foi semelhante \u00e0 dos que n\u00e3o tomaram a droga, assim como \u00e0 das pessoas que receberam hidroxicloroquina combinada com o antibi\u00f3tico azitromicina \u2013 este segundo grupo teve duas vezes mais risco de sofrer parada card\u00edaca.<\/p>\n\n\n\n<p>Outro estudo americano concluiu que pacientes com e sem o tratamento com hidroxicloroquina apresentaram o mesmo risco de uma piora do quadro, de necessidade de entuba\u00e7\u00e3o e de morte.<\/p>\n\n\n\n<p>A cloroquina ganhou proje\u00e7\u00e3o como poss\u00edvel solu\u00e7\u00e3o para o coronav\u00edrus ap\u00f3s a publica\u00e7\u00e3o de um estudo na Fran\u00e7a, em meados de mar\u00e7o. Mas pesquisadores criticaram a metodologia e tamb\u00e9m o grupo reduzido de pacientes.<\/p>\n","protected":false},"excerpt":{"rendered":"<p>O Minist\u00e9rio da Sa\u00fade divulgou nesta quarta-feira (20) o protocolo que libera no SUS o uso da cloroquina at\u00e9 para casos leves de covid-19. At\u00e9&hellip; <\/p>\n","protected":false},"author":2,"featured_media":170584,"comment_status":"closed","ping_status":"closed","sticky":false,"template":"","format":"standard","meta":{"sfsi_plus_gutenberg_text_before_share":"","sfsi_plus_gutenberg_show_text_before_share":"","sfsi_plus_gutenberg_icon_type":"","sfsi_plus_gutenberg_icon_alignemt":"","sfsi_plus_gutenburg_max_per_row":"","footnotes":""},"categories":[2],"tags":[],"class_list":["post-170583","post","type-post","status-publish","format-standard","has-post-thumbnail","hentry","category-geral"],"_links":{"self":[{"href":"https:\/\/www.caririemacao.com\/1\/wp-json\/wp\/v2\/posts\/170583","targetHints":{"allow":["GET"]}}],"collection":[{"href":"https:\/\/www.caririemacao.com\/1\/wp-json\/wp\/v2\/posts"}],"about":[{"href":"https:\/\/www.caririemacao.com\/1\/wp-json\/wp\/v2\/types\/post"}],"author":[{"embeddable":true,"href":"https:\/\/www.caririemacao.com\/1\/wp-json\/wp\/v2\/users\/2"}],"replies":[{"embeddable":true,"href":"https:\/\/www.caririemacao.com\/1\/wp-json\/wp\/v2\/comments?post=170583"}],"version-history":[{"count":1,"href":"https:\/\/www.caririemacao.com\/1\/wp-json\/wp\/v2\/posts\/170583\/revisions"}],"predecessor-version":[{"id":170585,"href":"https:\/\/www.caririemacao.com\/1\/wp-json\/wp\/v2\/posts\/170583\/revisions\/170585"}],"wp:featuredmedia":[{"embeddable":true,"href":"https:\/\/www.caririemacao.com\/1\/wp-json\/wp\/v2\/media\/170584"}],"wp:attachment":[{"href":"https:\/\/www.caririemacao.com\/1\/wp-json\/wp\/v2\/media?parent=170583"}],"wp:term":[{"taxonomy":"category","embeddable":true,"href":"https:\/\/www.caririemacao.com\/1\/wp-json\/wp\/v2\/categories?post=170583"},{"taxonomy":"post_tag","embeddable":true,"href":"https:\/\/www.caririemacao.com\/1\/wp-json\/wp\/v2\/tags?post=170583"}],"curies":[{"name":"wp","href":"https:\/\/api.w.org\/{rel}","templated":true}]}}