{"id":170587,"date":"2020-05-20T13:52:48","date_gmt":"2020-05-20T16:52:48","guid":{"rendered":"https:\/\/www.caririemacao.com\/1\/?p=170587"},"modified":"2020-05-20T13:52:48","modified_gmt":"2020-05-20T16:52:48","slug":"secretaria-de-saude-de-caraubas-emite-boletim-atualizado-do-covid-19","status":"publish","type":"post","link":"https:\/\/www.caririemacao.com\/1\/2020\/05\/20\/secretaria-de-saude-de-caraubas-emite-boletim-atualizado-do-covid-19\/","title":{"rendered":"Secretaria de Sa\u00fade de Cara\u00fabas emite boletim atualizado do Covid-19"},"content":{"rendered":"\n<p>A Secretaria de Sa\u00fade do munic\u00edpio de  Cara\u00fabas emitiu um boletim informando que o munic\u00edpio continua sem casos confirmados da COVID 19. <\/p>\n\n\n\n<p>Em 19 de Maio de 2020, dos 07 casos notificados, 06 (seis) negativados, 01 (um) caso sob investiga\u00e7\u00e3o e 06 (seis) casos em isolamento. Prefeitura de Cara\u00fabas e Secretaria da Sa\u00fade trabalhando pensando no Futuro de nossa gente!<\/p>\n","protected":false},"excerpt":{"rendered":"<p>A Secretaria de Sa\u00fade do munic\u00edpio de Cara\u00fabas emitiu um boletim informando que o munic\u00edpio continua sem casos confirmados da COVID 19. Em 19 de&hellip; <\/p>\n","protected":false},"author":1,"featured_media":170588,"comment_status":"closed","ping_status":"closed","sticky":false,"template":"","format":"standard","meta":{"sfsi_plus_gutenberg_text_before_share":"","sfsi_plus_gutenberg_show_text_before_share":"","sfsi_plus_gutenberg_icon_type":"","sfsi_plus_gutenberg_icon_alignemt":"","sfsi_plus_gutenburg_max_per_row":"","footnotes":""},"categories":[6,16],"tags":[],"class_list":["post-170587","post","type-post","status-publish","format-standard","has-post-thumbnail","hentry","category-cidades","category-saude"],"_links":{"self":[{"href":"https:\/\/www.caririemacao.com\/1\/wp-json\/wp\/v2\/posts\/170587","targetHints":{"allow":["GET"]}}],"collection":[{"href":"https:\/\/www.caririemacao.com\/1\/wp-json\/wp\/v2\/posts"}],"about":[{"href":"https:\/\/www.caririemacao.com\/1\/wp-json\/wp\/v2\/types\/post"}],"author":[{"embeddable":true,"href":"https:\/\/www.caririemacao.com\/1\/wp-json\/wp\/v2\/users\/1"}],"replies":[{"embeddable":true,"href":"https:\/\/www.caririemacao.com\/1\/wp-json\/wp\/v2\/comments?post=170587"}],"version-history":[{"count":1,"href":"https:\/\/www.caririemacao.com\/1\/wp-json\/wp\/v2\/posts\/170587\/revisions"}],"predecessor-version":[{"id":170593,"href":"https:\/\/www.caririemacao.com\/1\/wp-json\/wp\/v2\/posts\/170587\/revisions\/170593"}],"wp:featuredmedia":[{"embeddable":true,"href":"https:\/\/www.caririemacao.com\/1\/wp-json\/wp\/v2\/media\/170588"}],"wp:attachment":[{"href":"https:\/\/www.caririemacao.com\/1\/wp-json\/wp\/v2\/media?parent=170587"}],"wp:term":[{"taxonomy":"category","embeddable":true,"href":"https:\/\/www.caririemacao.com\/1\/wp-json\/wp\/v2\/categories?post=170587"},{"taxonomy":"post_tag","embeddable":true,"href":"https:\/\/www.caririemacao.com\/1\/wp-json\/wp\/v2\/tags?post=170587"}],"curies":[{"name":"wp","href":"https:\/\/api.w.org\/{rel}","templated":true}]}}