{"id":170589,"date":"2020-05-20T13:51:35","date_gmt":"2020-05-20T16:51:35","guid":{"rendered":"https:\/\/www.caririemacao.com\/1\/?p=170589"},"modified":"2020-05-20T13:51:35","modified_gmt":"2020-05-20T16:51:35","slug":"prefeito-eden-duarte-da-ordem-de-servico-para-obra-de-abastecimento-dagua-de-mais-de-r-2-milhoes","status":"publish","type":"post","link":"https:\/\/www.caririemacao.com\/1\/2020\/05\/20\/prefeito-eden-duarte-da-ordem-de-servico-para-obra-de-abastecimento-dagua-de-mais-de-r-2-milhoes\/","title":{"rendered":"Prefeito \u00c9den Duarte d\u00e1 ordem de servi\u00e7o para obra de abastecimento d\u2019\u00e1gua de mais de R$ 2 milh\u00f5es"},"content":{"rendered":"\n<h1 class=\"wp-block-heading\"><\/h1>\n\n\n\n<p><a rel=\"noreferrer noopener\" href=\"\/\/send?text=Prefeito%20%C3%89den%20Duarte%20d%C3%A1%20ordem%20de%20servi%C3%A7o%20para%20obra%20de%20abastecimento%20d%E2%80%99%C3%A1gua%20de%20mais%20de%20R%24%202%20milh%C3%B5es%20%E2%98%9B%20https%3A%2F%2Fwww.sume.pb.gov.br%2F2020%2F05%2Fprefeito-eden-duarte-da-ordem-de-servico-para-obra-de-abastecimento-dagua-de-mais-de-r-2-milhoes%2F\" target=\"_blank\"><\/a><\/p>\n\n\n\n<p>O prefeito de Sum\u00e9, \u00c9den Duarte, assinou na manh\u00e3 desta quarta-feira (20), a ordem de servi\u00e7o para in\u00edcio da obra do Sistema de Abastecimento da Bacia do A\u00e7ude de Sum\u00e9, no valor de R$ 2,5 milh\u00f5es, que levar\u00e1 \u00e1gua para as resid\u00eancias das comunidades de Pitombeira, Lagoa da Cruz, Riach\u00e3o e Carna\u00faba.<\/p>\n\n\n\n<p>O prefeito \u00c9den assinou a ordem de servi\u00e7o em seu gabinete, onde compareceu o representante da empresa que ir\u00e1 executar a obra, a Hydrogeo Constru\u00e7\u00f5es, o secret\u00e1rio de Administra\u00e7\u00e3o, Bon\u00edlson Tim\u00f3teo e o fiscal da obra, Isca Paulino.<\/p>\n\n\n\n<p>O sistema de abastecimento d\u2019\u00e1gua ir\u00e1 beneficiar diretamente 205 fam\u00edlias, o que representa mais de 805 habitantes nestas comunidades.<\/p>\n\n\n\n<div class=\"wp-block-image\"><figure class=\"alignright\"><a href=\"https:\/\/www.sume.pb.gov.br\/wp-content\/uploads\/2020\/05\/WhatsApp-Image-2020-05-20-at-12.17.05.jpeg\"><img decoding=\"async\" data-src=\"https:\/\/www.sume.pb.gov.br\/wp-content\/uploads\/2020\/05\/WhatsApp-Image-2020-05-20-at-12.17.05-300x225.jpeg\" alt=\"\" class=\"wp-image-10134 lazyload\" src=\"data:image\/svg+xml;base64,PHN2ZyB3aWR0aD0iMSIgaGVpZ2h0PSIxIiB4bWxucz0iaHR0cDovL3d3dy53My5vcmcvMjAwMC9zdmciPjwvc3ZnPg==\" style=\"--smush-placeholder-width: 300px; --smush-placeholder-aspect-ratio: 300\/225;\" \/><\/a><\/figure><\/div>\n\n\n\n<p>O sistema ser\u00e1 captado do a\u00e7ude p\u00fablico, atrav\u00e9s de bombas com flutuantes, esta\u00e7\u00e3o elevat\u00f3ria, esta\u00e7\u00e3o de tratamento convencional com floculadores, decantadores de filtros, adutora, rede distribui\u00e7\u00e3o com tubo e liga\u00e7\u00f5es domiciliares.<\/p>\n\n\n\n<p>De acordo com o prefeito \u00c9den Duarte, esse \u00e9 o maior conv\u00eanio que a Prefeitura de Sum\u00e9 j\u00e1 firmou. Na ocasi\u00e3o, \u00c9den solicitou \u00e0 empresa que a obra seja executada com a maior celeridade poss\u00edvel e com qualidade.<\/p>\n\n\n\n<p>\u201cEstamos executando a segunda etapa da obra de esgotamento sanit\u00e1rio e com a ordem de servi\u00e7o dada hoje, somam duas obras de grande import\u00e2ncia para a sa\u00fade da popula\u00e7\u00e3o.<\/p>\n\n\n\n<p>\u201cAs obras de abastecimento d\u2019\u00e1gua na zona rural que temos executado s\u00e3o priorit\u00e1rias na nossa gest\u00e3o, principalmente para as comunidades mais necessitadas\u201d, declarou o prefeito que ainda enfatizou que todas as obras de abastecimento na zona rural tem sido feitas em parceria com o Governo do Estado da Para\u00edba, por meio do Programa \u00c1gua Doce e Procase e com a Funda\u00e7\u00e3o Nacional de Sa\u00fade (Funasa).<\/p>\n\n\n\n<div class=\"wp-block-image\"><figure class=\"alignleft\"><a href=\"https:\/\/www.sume.pb.gov.br\/wp-content\/uploads\/2020\/05\/SISTEMA-DE-ABASTEC-AGUA-BACIA-ACUDE-SUME.jpg\"><img decoding=\"async\" data-src=\"https:\/\/www.sume.pb.gov.br\/wp-content\/uploads\/2020\/05\/SISTEMA-DE-ABASTEC-AGUA-BACIA-ACUDE-SUME-300x167.jpg\" alt=\"\" class=\"wp-image-10139 lazyload\" src=\"data:image\/svg+xml;base64,PHN2ZyB3aWR0aD0iMSIgaGVpZ2h0PSIxIiB4bWxucz0iaHR0cDovL3d3dy53My5vcmcvMjAwMC9zdmciPjwvc3ZnPg==\" style=\"--smush-placeholder-width: 300px; --smush-placeholder-aspect-ratio: 300\/167;\" \/><\/a><\/figure><\/div>\n\n\n\n<p>A gest\u00e3o do prefeito \u00c9den j\u00e1 implantou cinco sistemas de dessaliniza\u00e7\u00e3o de \u00e1gua na zona rural, sendo nos s\u00edtios Princesa do Ju\u00e1, Pitombeira, Maracaj\u00e1 e reforma do dessalinizador do Assentamento Tigre. Est\u00e1 em execu\u00e7\u00e3o no momento, um no s\u00edtio Santo Agostinho e um sistema de tratamento de \u00e1gua (Salta Z) no Assentamento Mandacaru.<\/p>\n","protected":false},"excerpt":{"rendered":"<p>O prefeito de Sum\u00e9, \u00c9den Duarte, assinou na manh\u00e3 desta quarta-feira (20), a ordem de servi\u00e7o para in\u00edcio da obra do Sistema de Abastecimento da&hellip; <\/p>\n","protected":false},"author":2,"featured_media":170590,"comment_status":"closed","ping_status":"closed","sticky":false,"template":"","format":"standard","meta":{"sfsi_plus_gutenberg_text_before_share":"","sfsi_plus_gutenberg_show_text_before_share":"","sfsi_plus_gutenberg_icon_type":"","sfsi_plus_gutenberg_icon_alignemt":"","sfsi_plus_gutenburg_max_per_row":"","footnotes":""},"categories":[2],"tags":[],"class_list":["post-170589","post","type-post","status-publish","format-standard","has-post-thumbnail","hentry","category-geral"],"_links":{"self":[{"href":"https:\/\/www.caririemacao.com\/1\/wp-json\/wp\/v2\/posts\/170589","targetHints":{"allow":["GET"]}}],"collection":[{"href":"https:\/\/www.caririemacao.com\/1\/wp-json\/wp\/v2\/posts"}],"about":[{"href":"https:\/\/www.caririemacao.com\/1\/wp-json\/wp\/v2\/types\/post"}],"author":[{"embeddable":true,"href":"https:\/\/www.caririemacao.com\/1\/wp-json\/wp\/v2\/users\/2"}],"replies":[{"embeddable":true,"href":"https:\/\/www.caririemacao.com\/1\/wp-json\/wp\/v2\/comments?post=170589"}],"version-history":[{"count":1,"href":"https:\/\/www.caririemacao.com\/1\/wp-json\/wp\/v2\/posts\/170589\/revisions"}],"predecessor-version":[{"id":170591,"href":"https:\/\/www.caririemacao.com\/1\/wp-json\/wp\/v2\/posts\/170589\/revisions\/170591"}],"wp:featuredmedia":[{"embeddable":true,"href":"https:\/\/www.caririemacao.com\/1\/wp-json\/wp\/v2\/media\/170590"}],"wp:attachment":[{"href":"https:\/\/www.caririemacao.com\/1\/wp-json\/wp\/v2\/media?parent=170589"}],"wp:term":[{"taxonomy":"category","embeddable":true,"href":"https:\/\/www.caririemacao.com\/1\/wp-json\/wp\/v2\/categories?post=170589"},{"taxonomy":"post_tag","embeddable":true,"href":"https:\/\/www.caririemacao.com\/1\/wp-json\/wp\/v2\/tags?post=170589"}],"curies":[{"name":"wp","href":"https:\/\/api.w.org\/{rel}","templated":true}]}}