{"id":170594,"date":"2020-05-20T13:54:50","date_gmt":"2020-05-20T16:54:50","guid":{"rendered":"https:\/\/www.caririemacao.com\/1\/?p=170594"},"modified":"2020-05-20T13:54:50","modified_gmt":"2020-05-20T16:54:50","slug":"monteiro-segue-sem-novos-casos-de-covid-19","status":"publish","type":"post","link":"https:\/\/www.caririemacao.com\/1\/2020\/05\/20\/monteiro-segue-sem-novos-casos-de-covid-19\/","title":{"rendered":"Monteiro segue sem novos casos de Covid-19"},"content":{"rendered":"\n<p>A Secretaria Municipal de Sa\u00fade de Monteiro informa que o munic\u00edpio n\u00e3o conta com nenhum novo caso de COVID 19 na ter\u00e7a-feira, 19.<\/p>\n\n\n\n<p>A Secretaria de Sa\u00fade do munic\u00edpio ainda informa que testes r\u00e1pidos foram feitos em sete usu\u00e1rios que testaram negativos, estes pacientes estavam sendo monitorados pela equipe de Vigil\u00e2ncia.<\/p>\n\n\n\n<p>Ainda seguindo protocolo do Minist\u00e9rio da Sa\u00fade, uma equipe da Secretaria de Sa\u00fade testou, na tarde desta ter\u00e7a-feira, 19, 24 idosos e 16 profissionais na Institui\u00e7\u00e3o de Longa Perman\u00eancia Iracema Bezerra de Menezes &#8211; &#8220;Abrigo de Idosos&#8221;. Todos com resultado Negativo para COVID 19.<\/p>\n\n\n\n<p>Ressaltamos ainda que \u00e9 muito importante seguir as orienta\u00e7\u00f5es do distanciamento social e demais medidas apresentadas pela Vigil\u00e2ncia em Sa\u00fade.<\/p>\n","protected":false},"excerpt":{"rendered":"<p>A Secretaria Municipal de Sa\u00fade de Monteiro informa que o munic\u00edpio n\u00e3o conta com nenhum novo caso de COVID 19 na ter\u00e7a-feira, 19. A Secretaria&hellip; <\/p>\n","protected":false},"author":1,"featured_media":170595,"comment_status":"closed","ping_status":"closed","sticky":false,"template":"","format":"standard","meta":{"sfsi_plus_gutenberg_text_before_share":"","sfsi_plus_gutenberg_show_text_before_share":"","sfsi_plus_gutenberg_icon_type":"","sfsi_plus_gutenberg_icon_alignemt":"","sfsi_plus_gutenburg_max_per_row":"","footnotes":""},"categories":[6,16],"tags":[],"class_list":["post-170594","post","type-post","status-publish","format-standard","has-post-thumbnail","hentry","category-cidades","category-saude"],"_links":{"self":[{"href":"https:\/\/www.caririemacao.com\/1\/wp-json\/wp\/v2\/posts\/170594","targetHints":{"allow":["GET"]}}],"collection":[{"href":"https:\/\/www.caririemacao.com\/1\/wp-json\/wp\/v2\/posts"}],"about":[{"href":"https:\/\/www.caririemacao.com\/1\/wp-json\/wp\/v2\/types\/post"}],"author":[{"embeddable":true,"href":"https:\/\/www.caririemacao.com\/1\/wp-json\/wp\/v2\/users\/1"}],"replies":[{"embeddable":true,"href":"https:\/\/www.caririemacao.com\/1\/wp-json\/wp\/v2\/comments?post=170594"}],"version-history":[{"count":1,"href":"https:\/\/www.caririemacao.com\/1\/wp-json\/wp\/v2\/posts\/170594\/revisions"}],"predecessor-version":[{"id":170596,"href":"https:\/\/www.caririemacao.com\/1\/wp-json\/wp\/v2\/posts\/170594\/revisions\/170596"}],"wp:featuredmedia":[{"embeddable":true,"href":"https:\/\/www.caririemacao.com\/1\/wp-json\/wp\/v2\/media\/170595"}],"wp:attachment":[{"href":"https:\/\/www.caririemacao.com\/1\/wp-json\/wp\/v2\/media?parent=170594"}],"wp:term":[{"taxonomy":"category","embeddable":true,"href":"https:\/\/www.caririemacao.com\/1\/wp-json\/wp\/v2\/categories?post=170594"},{"taxonomy":"post_tag","embeddable":true,"href":"https:\/\/www.caririemacao.com\/1\/wp-json\/wp\/v2\/tags?post=170594"}],"curies":[{"name":"wp","href":"https:\/\/api.w.org\/{rel}","templated":true}]}}