{"id":170597,"date":"2020-05-20T13:58:51","date_gmt":"2020-05-20T16:58:51","guid":{"rendered":"https:\/\/www.caririemacao.com\/1\/?p=170597"},"modified":"2020-05-20T13:58:51","modified_gmt":"2020-05-20T16:58:51","slug":"prefeitura-de-monteiro-prorroga-decreto-e-mantem-fechamento-de-alguns-comercios-e-uso-obrigatorio-de-mascaras","status":"publish","type":"post","link":"https:\/\/www.caririemacao.com\/1\/2020\/05\/20\/prefeitura-de-monteiro-prorroga-decreto-e-mantem-fechamento-de-alguns-comercios-e-uso-obrigatorio-de-mascaras\/","title":{"rendered":"Prefeitura de Monteiro prorroga decreto e mant\u00eam fechamento de alguns com\u00e9rcios e uso obrigat\u00f3rio de m\u00e1scaras"},"content":{"rendered":"\n<p>A prefeita da cidade de Monteiro, no Cariri da Para\u00edba, anunciou a prorroga\u00e7\u00e3o das medidas de isolamento social at\u00e9 o dia 31 de maio. Os servi\u00e7os n\u00e3o essenciais continuam suspensos no munic\u00edpio.<\/p>\n\n\n\n<p>Com a publica\u00e7\u00e3o do decreto N. 1.164, a Prefeitura de Monteiro mant\u00e9m as medidas de preven\u00e7\u00e3o \u00e0 Covid-19 dispostas no decreto N.1.160. Isso significa que a popula\u00e7\u00e3o, com\u00e9rcio e servi\u00e7os continuem seguindo as determina\u00e7\u00f5es estipuladas pelo Comit\u00ea de Enfrentamento \u00e0 Covid-19.<\/p>\n\n\n\n<p>A determina\u00e7\u00e3o segue em conformidade com o decreto estadual, onde ficam suspensos eventos de qualquer natureza, assim como atividades coletivas em ambientes fechados, atividades do SCFV II, viagens de ve\u00edculos pertencentes ao munic\u00edpio para fora do estado da Para\u00edba, inaugura\u00e7\u00f5es, funcionamento de casas de festas, eventos e parques de divers\u00e3o, reuni\u00f5es de cooperativas e atividades similares e com\u00e9rcio ambulante de pessoas n\u00e3o residentes no munic\u00edpio.<\/p>\n\n\n\n<p>Ainda continuam as medidas dispostas sobre as normas para o funcionamento do A\u00e7ougue Municipal que limita a entrada de apenas 15 pessoas no pr\u00e9dio por vez. J\u00e1 com rela\u00e7\u00e3o \u00e0 Feira Livre e atividades dentro do Mercado P\u00fablico Municipal, continua estabelecido e condicionado que os consumidores devem estar usando m\u00e1scaras. Para os comerciantes a obedi\u00eancia do distanciamento m\u00ednimo de um metro de dist\u00e2ncia entre as barracas e a disposi\u00e7\u00e3o de produtos de higieniza\u00e7\u00e3o das m\u00e3os e o veto de venda e consumo de bebidas alco\u00f3licas e degusta\u00e7\u00e3o de comidas no local, bem como a oferta de mesas e cadeiras.<\/p>\n\n\n\n<p>Quanto aos servidores municipais continuam: o sistema de rod\u00edzio entre os servidores resguardando a continuidade dos servi\u00e7os e a jornada de trabalho das 07 \u00e0s 12h.<\/p>\n\n\n\n<p>Para o com\u00e9rcio continua vedada a abertura e funcionamento de: Igrejas, Templos ou Similares, servi\u00e7os cont\u00e1beis e advocat\u00edcios, Teatros, Museus, Centros Culturais, Bibliotecas, Casas Noturnas, Academias, Centros de Treinamento, Centro de Gin\u00e1stica, Clubes Sociais e de Categorias, Estabelecimentos do Com\u00e9rcio e Servi\u00e7o em Geral, Brinquedotecas, Espa\u00e7os Kids, Playgrounds, Espa\u00e7os de Jogos, Inaugura\u00e7\u00f5es, Exposi\u00e7\u00f5es P\u00fablicas e Privadas, Congressos e Semin\u00e1rios, Shopping Centers, Centro de Com\u00e9rcio, Galerias de Lojas e outros afins.<\/p>\n\n\n\n<p>Bares, restaurantes e pizzarias podem funcionar atrav\u00e9s de atendimento delivery.<\/p>\n\n\n\n<p>Est\u00e3o autorizados a funcionar: farm\u00e1cias, padarias, postos de combust\u00edveis, distribuidoras de g\u00e1s, correspondentes banc\u00e1rios e afins, casas lot\u00e9ricas, supermercados, mercadinhos, e correlatos, por\u00e9m, mantendo para os consumidores e funcion\u00e1rios: \u00e1lcool em gel ou lavat\u00f3rios com \u00e1gua e sab\u00e3o l\u00edquido e toalhas de papel.<\/p>\n\n\n\n<p>Ainda fica determinado aos estabelecimentos autorizados a funcionar: providenciar m\u00e1scaras para todos os funcion\u00e1rios, bem como exigir o uso aos clientes; observar a propor\u00e7\u00e3o m\u00ednima uma pessoa para cada dois metros de \u00e1rea constru\u00edda do im\u00f3vel; controlar e observar as filas fora do estabelecimento respeitando a dist\u00e2ncia m\u00ednima de dois metros entre clientes. Todas as m\u00e1quinas de cart\u00e3o de cr\u00e9dito devem ser higienizadas entre o uso de cada cliente.<\/p>\n\n\n\n<p>Todos os propriet\u00e1rios e\/ou respons\u00e1veis pelos estabelecimentos em funcionamento devem estar em contato com a Vigil\u00e2ncia em Sa\u00fade para a assinatura de um Termo de Compromisso com o \u00f3rg\u00e3o. O descumprimento das medidas decretadas estar\u00e3o sujeitos a san\u00e7\u00f5es administrativas, inclusive suspens\u00e3o ou cassa\u00e7\u00e3o de alvar\u00e1 de funcionamento.<\/p>\n\n\n\n<p>Por fim, para toda a popula\u00e7\u00e3o o decreto recomenda o uso de m\u00e1scaras de prote\u00e7\u00e3o durante a circula\u00e7\u00e3o por ruas e avenidas do munic\u00edpio.<br><strong>Casos de Covid-19 em Monteiro<br><\/strong>Segundo o \u00faltimo boletim epidemiol\u00f3gico divulgado pela Secretaria de Sa\u00fade do munic\u00edpio, Monteiro conta com 74 casos investigados, 105 descartados, 13 confirmados e 02 recuperados &nbsp;de coronav\u00edrus.<\/p>\n","protected":false},"excerpt":{"rendered":"<p>A prefeita da cidade de Monteiro, no Cariri da Para\u00edba, anunciou a prorroga\u00e7\u00e3o das medidas de isolamento social at\u00e9 o dia 31 de maio. Os&hellip; <\/p>\n","protected":false},"author":1,"featured_media":170599,"comment_status":"closed","ping_status":"closed","sticky":false,"template":"","format":"standard","meta":{"sfsi_plus_gutenberg_text_before_share":"","sfsi_plus_gutenberg_show_text_before_share":"","sfsi_plus_gutenberg_icon_type":"","sfsi_plus_gutenberg_icon_alignemt":"","sfsi_plus_gutenburg_max_per_row":"","footnotes":""},"categories":[6,50],"tags":[],"class_list":["post-170597","post","type-post","status-publish","format-standard","has-post-thumbnail","hentry","category-cidades","category-destaque"],"_links":{"self":[{"href":"https:\/\/www.caririemacao.com\/1\/wp-json\/wp\/v2\/posts\/170597","targetHints":{"allow":["GET"]}}],"collection":[{"href":"https:\/\/www.caririemacao.com\/1\/wp-json\/wp\/v2\/posts"}],"about":[{"href":"https:\/\/www.caririemacao.com\/1\/wp-json\/wp\/v2\/types\/post"}],"author":[{"embeddable":true,"href":"https:\/\/www.caririemacao.com\/1\/wp-json\/wp\/v2\/users\/1"}],"replies":[{"embeddable":true,"href":"https:\/\/www.caririemacao.com\/1\/wp-json\/wp\/v2\/comments?post=170597"}],"version-history":[{"count":1,"href":"https:\/\/www.caririemacao.com\/1\/wp-json\/wp\/v2\/posts\/170597\/revisions"}],"predecessor-version":[{"id":170600,"href":"https:\/\/www.caririemacao.com\/1\/wp-json\/wp\/v2\/posts\/170597\/revisions\/170600"}],"wp:featuredmedia":[{"embeddable":true,"href":"https:\/\/www.caririemacao.com\/1\/wp-json\/wp\/v2\/media\/170599"}],"wp:attachment":[{"href":"https:\/\/www.caririemacao.com\/1\/wp-json\/wp\/v2\/media?parent=170597"}],"wp:term":[{"taxonomy":"category","embeddable":true,"href":"https:\/\/www.caririemacao.com\/1\/wp-json\/wp\/v2\/categories?post=170597"},{"taxonomy":"post_tag","embeddable":true,"href":"https:\/\/www.caririemacao.com\/1\/wp-json\/wp\/v2\/tags?post=170597"}],"curies":[{"name":"wp","href":"https:\/\/api.w.org\/{rel}","templated":true}]}}