{"id":170604,"date":"2020-05-20T14:04:50","date_gmt":"2020-05-20T17:04:50","guid":{"rendered":"https:\/\/www.caririemacao.com\/1\/?p=170604"},"modified":"2020-05-20T14:04:50","modified_gmt":"2020-05-20T17:04:50","slug":"novo-exame-de-mourao-da-negativo-para-coronavirus-e-vice-deixara-isolamento","status":"publish","type":"post","link":"https:\/\/www.caririemacao.com\/1\/2020\/05\/20\/novo-exame-de-mourao-da-negativo-para-coronavirus-e-vice-deixara-isolamento\/","title":{"rendered":"Novo exame de Mour\u00e3o d\u00e1 negativo para coronav\u00edrus, e vice deixar\u00e1 isolamento"},"content":{"rendered":"\n<h1 class=\"wp-block-heading\"><\/h1>\n\n\n\n<p>O teste de sua esposa, Paula Mour\u00e3o, tamb\u00e9m deu negativo. Diante destes resultados, o vice-presidente, que estava em isolamento, retornar\u00e1 ao trabalho nesta tarde.<\/p>\n\n\n\n<p>&#8220;Negativo foi o resultado da contraprova do teste para Covid-19 do senhor vice-presidente da Rep\u00fablica, Hamilton Mour\u00e3o, e de sua esposa, Paula Mour\u00e3o. O vice-presidente retornar\u00e1 ao expediente normal em seu gabinete na parte da tarde de hoje&#8221;, informa o comunicado divulgado nesta manh\u00e3.<\/p>\n\n\n\n<p>No domingo (17), a assessoria de Mour\u00e3o havia informado que o exame j\u00e1 havia dado negativo.<\/p>\n\n\n\n<p>Ambos tinha se submetido ao exame no s\u00e1bado (16), ap\u00f3s o vice ter sido avisado que um servidor com quem manteve contato na semana passada foi infectado pela Covid-19.<\/p>\n\n\n\n<p>No dia 6 de maio, a assessoria de imprensa do Pal\u00e1cio do Planalto confirmou que o porta-voz da presid\u00eancia, Ot\u00e1vio R\u00eago Barros, foi diagnosticado com a doen\u00e7a.<\/p>\n\n\n\n<p>R\u00eago Barros foi mais um auxiliar pr\u00f3ximo do presidente Jair Bolsonaro que contraiu a Covid-19.<\/p>\n\n\n\n<p>O primeiro caso no Pal\u00e1cio do Planalto foi o do chefe da Secom (Secretaria Especial de Comunica\u00e7\u00e3o Social), F\u00e1bio Wajngarten, diagnosticado com o v\u00edrus logo ap\u00f3s o retorno da comitiva presidencial que viajou aos EUA no in\u00edcio de mar\u00e7o.<\/p>\n\n\n\n<p>Entre membros da comitiva oficial e pessoas que estiveram com Bolsonaro nos EUA, mais de 20 pessoas tiveram teste positivo para a doen\u00e7a.<\/p>\n\n\n\n<p>Entre eles, o senador Nelsinho Trad (PSD-MS); o diplomata Nestor Forster, indicado para o cargo de embaixador do Brasil em Washington; a advogada Karina Kufa, tesoureira do Alian\u00e7a pelo Brasil; o n\u00famero 2 da Secom, Samy Liberman; o chefe de cerimonial do Minist\u00e9rio de Rela\u00e7\u00f5es Exteriores, Alan Coelho de S\u00e9llos; e o presidente da Apex (Ag\u00eancia Brasileira de Promo\u00e7\u00e3o de Exporta\u00e7\u00f5es), Sergio Segovia.<\/p>\n\n\n\n<p>Dois ministros do governo j\u00e1 receberam teste positivo para o novo coronav\u00edrus: o general Augusto Heleno (Gabinete de Seguran\u00e7a Institucional) e Bento Albuquerque (Minas e Energia).<\/p>\n\n\n\n<p>O pr\u00f3prio presidente Jair Bolsonaro apresentou ao STF (Supremo Tribunal Federal) os resultados de tr\u00eas exames que ele realizou para a Covid. Os laudos atestam resultados negativos, mas s\u00f3 foram entregues ap\u00f3s uma batalha judicial em que o mandat\u00e1rio alegava ter direito a n\u00e3o divulgar seus diagn\u00f3sticos.<\/p>\n","protected":false},"excerpt":{"rendered":"<p>O teste de sua esposa, Paula Mour\u00e3o, tamb\u00e9m deu negativo. Diante destes resultados, o vice-presidente, que estava em isolamento, retornar\u00e1 ao trabalho nesta tarde. &#8220;Negativo&hellip; <\/p>\n","protected":false},"author":2,"featured_media":170605,"comment_status":"closed","ping_status":"closed","sticky":false,"template":"","format":"standard","meta":{"sfsi_plus_gutenberg_text_before_share":"","sfsi_plus_gutenberg_show_text_before_share":"","sfsi_plus_gutenberg_icon_type":"","sfsi_plus_gutenberg_icon_alignemt":"","sfsi_plus_gutenburg_max_per_row":"","footnotes":""},"categories":[2],"tags":[],"class_list":["post-170604","post","type-post","status-publish","format-standard","has-post-thumbnail","hentry","category-geral"],"_links":{"self":[{"href":"https:\/\/www.caririemacao.com\/1\/wp-json\/wp\/v2\/posts\/170604","targetHints":{"allow":["GET"]}}],"collection":[{"href":"https:\/\/www.caririemacao.com\/1\/wp-json\/wp\/v2\/posts"}],"about":[{"href":"https:\/\/www.caririemacao.com\/1\/wp-json\/wp\/v2\/types\/post"}],"author":[{"embeddable":true,"href":"https:\/\/www.caririemacao.com\/1\/wp-json\/wp\/v2\/users\/2"}],"replies":[{"embeddable":true,"href":"https:\/\/www.caririemacao.com\/1\/wp-json\/wp\/v2\/comments?post=170604"}],"version-history":[{"count":1,"href":"https:\/\/www.caririemacao.com\/1\/wp-json\/wp\/v2\/posts\/170604\/revisions"}],"predecessor-version":[{"id":170606,"href":"https:\/\/www.caririemacao.com\/1\/wp-json\/wp\/v2\/posts\/170604\/revisions\/170606"}],"wp:featuredmedia":[{"embeddable":true,"href":"https:\/\/www.caririemacao.com\/1\/wp-json\/wp\/v2\/media\/170605"}],"wp:attachment":[{"href":"https:\/\/www.caririemacao.com\/1\/wp-json\/wp\/v2\/media?parent=170604"}],"wp:term":[{"taxonomy":"category","embeddable":true,"href":"https:\/\/www.caririemacao.com\/1\/wp-json\/wp\/v2\/categories?post=170604"},{"taxonomy":"post_tag","embeddable":true,"href":"https:\/\/www.caririemacao.com\/1\/wp-json\/wp\/v2\/tags?post=170604"}],"curies":[{"name":"wp","href":"https:\/\/api.w.org\/{rel}","templated":true}]}}