{"id":170608,"date":"2020-05-20T14:17:39","date_gmt":"2020-05-20T17:17:39","guid":{"rendered":"https:\/\/www.caririemacao.com\/1\/?p=170608"},"modified":"2020-05-20T14:17:39","modified_gmt":"2020-05-20T17:17:39","slug":"prefeito-jefferson-roberto-participa-de-reuniao-remota-com-gestores-do-cisco","status":"publish","type":"post","link":"https:\/\/www.caririemacao.com\/1\/2020\/05\/20\/prefeito-jefferson-roberto-participa-de-reuniao-remota-com-gestores-do-cisco\/","title":{"rendered":"Prefeito Jefferson Roberto participa de reuni\u00e3o remota com gestores do CISCO"},"content":{"rendered":"\n<p>O prefeito de S\u00e3o Jos\u00e9 dos Cordeiros, Jefferson Roberto, publicou em suas redes sociais, atualiza\u00e7\u00f5es sobre mais uma reuni\u00e3o remota com gestores que comp\u00f5em o CISCO da regi\u00e3o. <\/p>\n\n\n\n<p>Na reuni\u00e3o foi aprovada abertura de cr\u00e9dito adicional por unanimidade, para que o munic\u00edpio de S\u00e3o Jos\u00e9 dos Cordeiros receba recursos provenientes de mais uma emenda parlamentar do deputado federal Wellington Roberto. Na reuni\u00e3o tamb\u00e9m foi discutida a\u00e7\u00f5es de combate ao covid-19. <\/p>\n\n\n\n<p>&#8220;Realizamos ontem mais uma reuni\u00e3o remota com gestores que comp\u00f5em o CISCO e t\u00e9cnicos que auxiliam nossos servi\u00e7os, foi aprovado uma abertura de cr\u00e9dito adicional por unanimidade para recebermos recursos provenientes de mais uma emenda parlamentar do Deputado Federal Wellington Roberto no valor de R$ 1.052.000,00 para aquisi\u00e7\u00e3o de uma perfuratriz que atender\u00e1 os 18 munic\u00edpios consorciados&#8221;, disse o prefeito. <\/p>\n\n\n\n<p>&#8220;Tamb\u00e9m discutimos a\u00e7\u00f5es de combate ao covid-19 e quero aqui dizer a nossa popula\u00e7\u00e3o que todos os gestores est\u00e3o se esfor\u00e7ando dentro das condi\u00e7\u00f5es de cada munic\u00edpio no combate ao covid-19 e nas outras a\u00e7\u00f5es que a popula\u00e7\u00e3o necessita&#8221;, concluiu o prefeito Jefferson Roberto. <\/p>\n","protected":false},"excerpt":{"rendered":"<p>O prefeito de S\u00e3o Jos\u00e9 dos Cordeiros, Jefferson Roberto, publicou em suas redes sociais, atualiza\u00e7\u00f5es sobre mais uma reuni\u00e3o remota com gestores que comp\u00f5em o&hellip; <\/p>\n","protected":false},"author":1,"featured_media":170617,"comment_status":"closed","ping_status":"closed","sticky":false,"template":"","format":"standard","meta":{"sfsi_plus_gutenberg_text_before_share":"","sfsi_plus_gutenberg_show_text_before_share":"","sfsi_plus_gutenberg_icon_type":"","sfsi_plus_gutenberg_icon_alignemt":"","sfsi_plus_gutenburg_max_per_row":"","footnotes":""},"categories":[6,50],"tags":[],"class_list":["post-170608","post","type-post","status-publish","format-standard","has-post-thumbnail","hentry","category-cidades","category-destaque"],"_links":{"self":[{"href":"https:\/\/www.caririemacao.com\/1\/wp-json\/wp\/v2\/posts\/170608","targetHints":{"allow":["GET"]}}],"collection":[{"href":"https:\/\/www.caririemacao.com\/1\/wp-json\/wp\/v2\/posts"}],"about":[{"href":"https:\/\/www.caririemacao.com\/1\/wp-json\/wp\/v2\/types\/post"}],"author":[{"embeddable":true,"href":"https:\/\/www.caririemacao.com\/1\/wp-json\/wp\/v2\/users\/1"}],"replies":[{"embeddable":true,"href":"https:\/\/www.caririemacao.com\/1\/wp-json\/wp\/v2\/comments?post=170608"}],"version-history":[{"count":1,"href":"https:\/\/www.caririemacao.com\/1\/wp-json\/wp\/v2\/posts\/170608\/revisions"}],"predecessor-version":[{"id":170618,"href":"https:\/\/www.caririemacao.com\/1\/wp-json\/wp\/v2\/posts\/170608\/revisions\/170618"}],"wp:featuredmedia":[{"embeddable":true,"href":"https:\/\/www.caririemacao.com\/1\/wp-json\/wp\/v2\/media\/170617"}],"wp:attachment":[{"href":"https:\/\/www.caririemacao.com\/1\/wp-json\/wp\/v2\/media?parent=170608"}],"wp:term":[{"taxonomy":"category","embeddable":true,"href":"https:\/\/www.caririemacao.com\/1\/wp-json\/wp\/v2\/categories?post=170608"},{"taxonomy":"post_tag","embeddable":true,"href":"https:\/\/www.caririemacao.com\/1\/wp-json\/wp\/v2\/tags?post=170608"}],"curies":[{"name":"wp","href":"https:\/\/api.w.org\/{rel}","templated":true}]}}