{"id":170609,"date":"2020-05-20T14:11:24","date_gmt":"2020-05-20T17:11:24","guid":{"rendered":"https:\/\/www.caririemacao.com\/1\/?p=170609"},"modified":"2020-05-20T14:11:24","modified_gmt":"2020-05-20T17:11:24","slug":"diretoria-do-flamengo-se-encontra-com-bolsonaro-por-apoio-a-volta-aos-treinos","status":"publish","type":"post","link":"https:\/\/www.caririemacao.com\/1\/2020\/05\/20\/diretoria-do-flamengo-se-encontra-com-bolsonaro-por-apoio-a-volta-aos-treinos\/","title":{"rendered":"Diretoria do Flamengo se encontra com Bolsonaro por apoio a volta aos treinos"},"content":{"rendered":"\n<h3 class=\"wp-block-heading\"><\/h3>\n\n\n\n<p><\/p>\n\n\n\n<hr class=\"wp-block-separator\"\/>\n\n\n\n<p>Na briga com seu advers\u00e1rio pol\u00edtico Wilson Witzel, governdor do Rio de Janeiro, Jair Bolsonaro se encontrou nesta ter\u00e7a-feira (19), com o chefe do Departamento M\u00e9dico do Flamengo, M\u00e1rcio Tannure, e outros membros do clube, que defendem o retorno aos treinos em meio \u00e0s medidas de isolamento.<\/p>\n\n\n\n<p>\u201cHoje (ter\u00e7a-feira) demos um pequeno passo, mas que pode significar um passo enorme no nosso retorno! Continuamos trabalhando\u2026 V\u00e1 e ven\u00e7a\u201d, escreveu Tannure.<\/p>\n\n\n\n<p>O Flamengo estabeleceu protocolo pr\u00f3prio de seguran\u00e7a ne desde a semana passada faz testes em jogadores, comiss\u00e3o t\u00e9cnica e demais envolvidos do clube. A inten\u00e7\u00e3o \u00e9 retomar as atividades, mas o time n\u00e3o consegue autoriza\u00e7\u00e3o do governo estadual.<\/p>\n\n\n\n<p>A reuni\u00e3o contou tamb\u00e9m com o presidente do Flamengo, Rodolfo Landim. Al\u00e9m da delega\u00e7\u00e3o rubro-negra, o presidente do Vasco, Alexandre Campello, participou do almo\u00e7o.<\/p>\n\n\n\n<p>Nos bastidores, circula a informa\u00e7\u00e3o de que Bolsonaro daria apoio ao cluybe parta que Bras\u00edlia sirva de base par o retorno das atividades. A capital ofereceria toda estrutura de treinamentos e rede hoteleira para o Flamengo e outros clubes interessados.<\/p>\n","protected":false},"excerpt":{"rendered":"<p>Na briga com seu advers\u00e1rio pol\u00edtico Wilson Witzel, governdor do Rio de Janeiro, Jair Bolsonaro se encontrou nesta ter\u00e7a-feira (19), com o chefe do Departamento&hellip; <\/p>\n","protected":false},"author":2,"featured_media":170610,"comment_status":"closed","ping_status":"closed","sticky":false,"template":"","format":"standard","meta":{"sfsi_plus_gutenberg_text_before_share":"","sfsi_plus_gutenberg_show_text_before_share":"","sfsi_plus_gutenberg_icon_type":"","sfsi_plus_gutenberg_icon_alignemt":"","sfsi_plus_gutenburg_max_per_row":"","footnotes":""},"categories":[2],"tags":[],"class_list":["post-170609","post","type-post","status-publish","format-standard","has-post-thumbnail","hentry","category-geral"],"_links":{"self":[{"href":"https:\/\/www.caririemacao.com\/1\/wp-json\/wp\/v2\/posts\/170609","targetHints":{"allow":["GET"]}}],"collection":[{"href":"https:\/\/www.caririemacao.com\/1\/wp-json\/wp\/v2\/posts"}],"about":[{"href":"https:\/\/www.caririemacao.com\/1\/wp-json\/wp\/v2\/types\/post"}],"author":[{"embeddable":true,"href":"https:\/\/www.caririemacao.com\/1\/wp-json\/wp\/v2\/users\/2"}],"replies":[{"embeddable":true,"href":"https:\/\/www.caririemacao.com\/1\/wp-json\/wp\/v2\/comments?post=170609"}],"version-history":[{"count":1,"href":"https:\/\/www.caririemacao.com\/1\/wp-json\/wp\/v2\/posts\/170609\/revisions"}],"predecessor-version":[{"id":170611,"href":"https:\/\/www.caririemacao.com\/1\/wp-json\/wp\/v2\/posts\/170609\/revisions\/170611"}],"wp:featuredmedia":[{"embeddable":true,"href":"https:\/\/www.caririemacao.com\/1\/wp-json\/wp\/v2\/media\/170610"}],"wp:attachment":[{"href":"https:\/\/www.caririemacao.com\/1\/wp-json\/wp\/v2\/media?parent=170609"}],"wp:term":[{"taxonomy":"category","embeddable":true,"href":"https:\/\/www.caririemacao.com\/1\/wp-json\/wp\/v2\/categories?post=170609"},{"taxonomy":"post_tag","embeddable":true,"href":"https:\/\/www.caririemacao.com\/1\/wp-json\/wp\/v2\/tags?post=170609"}],"curies":[{"name":"wp","href":"https:\/\/api.w.org\/{rel}","templated":true}]}}