{"id":170613,"date":"2020-05-20T14:15:49","date_gmt":"2020-05-20T17:15:49","guid":{"rendered":"https:\/\/www.caririemacao.com\/1\/?p=170613"},"modified":"2020-05-20T14:15:49","modified_gmt":"2020-05-20T17:15:49","slug":"gaeco-deflagra-operacao-contra-crimes-e-cumpre-mandados-de-prisao-em-16-municipios-da-paraiba","status":"publish","type":"post","link":"https:\/\/www.caririemacao.com\/1\/2020\/05\/20\/gaeco-deflagra-operacao-contra-crimes-e-cumpre-mandados-de-prisao-em-16-municipios-da-paraiba\/","title":{"rendered":"Gaeco deflagra opera\u00e7\u00e3o contra crimes e cumpre mandados de pris\u00e3o em 16 munic\u00edpios da Para\u00edba"},"content":{"rendered":"\n<h1 class=\"wp-block-heading\"><\/h1>\n\n\n\n<p>Policiais nas ruas da Para\u00edba em cumprimento de mais una opera\u00e7\u00e3o de combate ao crime. A Pol\u00edcia Militar e o Grupo de Atua\u00e7\u00e3o Especial Contra o Crime Organizado do Minist\u00e9rio P\u00fablico da Para\u00edba (Gaeco\/MPPB), deflagraram nesta quarta-feira (20), uma opera\u00e7\u00e3o contra crimes e cumpriu mandados de pris\u00e3o em 16 munic\u00edpios da Para\u00edba. A opera\u00e7\u00e3o conta com o apoio da Controladoria-Geral da Uni\u00e3o (CGU),<\/p>\n\n\n\n<p>A Opera\u00e7\u00e3o Malhas da Lei tem o objetivo de cumprir mandados de pris\u00e3o contra acusados de tr\u00e1fico de drogas, roubo majorado, homic\u00eddio, furto qualificado, entre outros crimes. Os mandados foram expedidos pelo Poder Judici\u00e1rio da Para\u00edba ap\u00f3s v\u00e1rios meses de investiga\u00e7\u00e3o. A opera\u00e7\u00e3o segue em andamento, e mais pris\u00f5es podem acontecer ao longo da manh\u00e3.<\/p>\n\n\n\n<p>No total a opera\u00e7\u00e3o envolve 96 policiais e 93 viaturas. Os presos est\u00e3o sendo apresentados nas delegacias de cada \u00e1rea. Na Regi\u00e3o Metropolitana de Jo\u00e3o Pessoa, os presos ser\u00e3o levados para a Central de Pol\u00edcia, no Geisel.<\/p>\n","protected":false},"excerpt":{"rendered":"<p>Policiais nas ruas da Para\u00edba em cumprimento de mais una opera\u00e7\u00e3o de combate ao crime. A Pol\u00edcia Militar e o Grupo de Atua\u00e7\u00e3o Especial Contra&hellip; <\/p>\n","protected":false},"author":2,"featured_media":170614,"comment_status":"closed","ping_status":"closed","sticky":false,"template":"","format":"standard","meta":{"sfsi_plus_gutenberg_text_before_share":"","sfsi_plus_gutenberg_show_text_before_share":"","sfsi_plus_gutenberg_icon_type":"","sfsi_plus_gutenberg_icon_alignemt":"","sfsi_plus_gutenburg_max_per_row":"","footnotes":""},"categories":[12],"tags":[],"class_list":["post-170613","post","type-post","status-publish","format-standard","has-post-thumbnail","hentry","category-policia"],"_links":{"self":[{"href":"https:\/\/www.caririemacao.com\/1\/wp-json\/wp\/v2\/posts\/170613","targetHints":{"allow":["GET"]}}],"collection":[{"href":"https:\/\/www.caririemacao.com\/1\/wp-json\/wp\/v2\/posts"}],"about":[{"href":"https:\/\/www.caririemacao.com\/1\/wp-json\/wp\/v2\/types\/post"}],"author":[{"embeddable":true,"href":"https:\/\/www.caririemacao.com\/1\/wp-json\/wp\/v2\/users\/2"}],"replies":[{"embeddable":true,"href":"https:\/\/www.caririemacao.com\/1\/wp-json\/wp\/v2\/comments?post=170613"}],"version-history":[{"count":1,"href":"https:\/\/www.caririemacao.com\/1\/wp-json\/wp\/v2\/posts\/170613\/revisions"}],"predecessor-version":[{"id":170615,"href":"https:\/\/www.caririemacao.com\/1\/wp-json\/wp\/v2\/posts\/170613\/revisions\/170615"}],"wp:featuredmedia":[{"embeddable":true,"href":"https:\/\/www.caririemacao.com\/1\/wp-json\/wp\/v2\/media\/170614"}],"wp:attachment":[{"href":"https:\/\/www.caririemacao.com\/1\/wp-json\/wp\/v2\/media?parent=170613"}],"wp:term":[{"taxonomy":"category","embeddable":true,"href":"https:\/\/www.caririemacao.com\/1\/wp-json\/wp\/v2\/categories?post=170613"},{"taxonomy":"post_tag","embeddable":true,"href":"https:\/\/www.caririemacao.com\/1\/wp-json\/wp\/v2\/tags?post=170613"}],"curies":[{"name":"wp","href":"https:\/\/api.w.org\/{rel}","templated":true}]}}