{"id":170619,"date":"2020-05-20T14:22:30","date_gmt":"2020-05-20T17:22:30","guid":{"rendered":"https:\/\/www.caririemacao.com\/1\/?p=170619"},"modified":"2020-05-20T14:22:30","modified_gmt":"2020-05-20T17:22:30","slug":"prefeito-jefferson-roberto-parabeniza-tecnicos-de-enfermagem-em-homenagem-ao-seu-dia","status":"publish","type":"post","link":"https:\/\/www.caririemacao.com\/1\/2020\/05\/20\/prefeito-jefferson-roberto-parabeniza-tecnicos-de-enfermagem-em-homenagem-ao-seu-dia\/","title":{"rendered":"Prefeito Jefferson Roberto parabeniza t\u00e9cnicos de enfermagem em homenagem ao seu dia"},"content":{"rendered":"\n<p>O prefeito de S\u00e3o Jos\u00e9 dos Cordeiros, Jefferson Roberto, publicou em suas redes sociais uma mensagem parabenizando a todos os t\u00e9cnicos de enfermagem do munic\u00edpio em homenagem ao seu dia, comemorado neste dia 20 de maio. <\/p>\n\n\n\n<p>&#8220;Prefeitura de S\u00e3o Jos\u00e9 dos Cordeiros, atrav\u00e9s da Secretaria Municipal de Sa\u00fade parabeniza a todos os t\u00e9cnicos de enfermagem que atuam brilhantemente nas a\u00e7\u00f5es do munic\u00edpio e a todos nosso reconhecimento e gratid\u00e3o&#8221; disse o prefeito.<\/p>\n","protected":false},"excerpt":{"rendered":"<p>O prefeito de S\u00e3o Jos\u00e9 dos Cordeiros, Jefferson Roberto, publicou em suas redes sociais uma mensagem parabenizando a todos os t\u00e9cnicos de enfermagem do munic\u00edpio&hellip; <\/p>\n","protected":false},"author":1,"featured_media":170620,"comment_status":"closed","ping_status":"closed","sticky":false,"template":"","format":"standard","meta":{"sfsi_plus_gutenberg_text_before_share":"","sfsi_plus_gutenberg_show_text_before_share":"","sfsi_plus_gutenberg_icon_type":"","sfsi_plus_gutenberg_icon_alignemt":"","sfsi_plus_gutenburg_max_per_row":"","footnotes":""},"categories":[6,50],"tags":[],"class_list":["post-170619","post","type-post","status-publish","format-standard","has-post-thumbnail","hentry","category-cidades","category-destaque"],"_links":{"self":[{"href":"https:\/\/www.caririemacao.com\/1\/wp-json\/wp\/v2\/posts\/170619","targetHints":{"allow":["GET"]}}],"collection":[{"href":"https:\/\/www.caririemacao.com\/1\/wp-json\/wp\/v2\/posts"}],"about":[{"href":"https:\/\/www.caririemacao.com\/1\/wp-json\/wp\/v2\/types\/post"}],"author":[{"embeddable":true,"href":"https:\/\/www.caririemacao.com\/1\/wp-json\/wp\/v2\/users\/1"}],"replies":[{"embeddable":true,"href":"https:\/\/www.caririemacao.com\/1\/wp-json\/wp\/v2\/comments?post=170619"}],"version-history":[{"count":1,"href":"https:\/\/www.caririemacao.com\/1\/wp-json\/wp\/v2\/posts\/170619\/revisions"}],"predecessor-version":[{"id":170621,"href":"https:\/\/www.caririemacao.com\/1\/wp-json\/wp\/v2\/posts\/170619\/revisions\/170621"}],"wp:featuredmedia":[{"embeddable":true,"href":"https:\/\/www.caririemacao.com\/1\/wp-json\/wp\/v2\/media\/170620"}],"wp:attachment":[{"href":"https:\/\/www.caririemacao.com\/1\/wp-json\/wp\/v2\/media?parent=170619"}],"wp:term":[{"taxonomy":"category","embeddable":true,"href":"https:\/\/www.caririemacao.com\/1\/wp-json\/wp\/v2\/categories?post=170619"},{"taxonomy":"post_tag","embeddable":true,"href":"https:\/\/www.caririemacao.com\/1\/wp-json\/wp\/v2\/tags?post=170619"}],"curies":[{"name":"wp","href":"https:\/\/api.w.org\/{rel}","templated":true}]}}