{"id":170622,"date":"2020-05-20T14:25:26","date_gmt":"2020-05-20T17:25:26","guid":{"rendered":"https:\/\/www.caririemacao.com\/1\/?p=170622"},"modified":"2020-05-20T14:25:26","modified_gmt":"2020-05-20T17:25:26","slug":"detentas-da-paraiba-produzem-mais-de-15-mil-mascaras-para-prevencao-ao-coronavirus","status":"publish","type":"post","link":"https:\/\/www.caririemacao.com\/1\/2020\/05\/20\/detentas-da-paraiba-produzem-mais-de-15-mil-mascaras-para-prevencao-ao-coronavirus\/","title":{"rendered":"Detentas da Para\u00edba produzem mais de 15 mil m\u00e1scaras para preven\u00e7\u00e3o ao coronav\u00edrus"},"content":{"rendered":"\n<h1 class=\"wp-block-heading\"><\/h1>\n\n\n\n<p>Com o objetivo de proteger a popula\u00e7\u00e3o , 12 detentas da Cadeia P\u00fablica de Cajazeiras, no&nbsp;Sert\u00e3o paraibano, produziram mais de 15 mil m\u00e1scaras de proje\u00e7\u00e3o individual para prote\u00e7\u00e3o ao&nbsp;novo coronav\u00edrus. A produ\u00e7\u00e3o durou menos de tr\u00eas meses. &nbsp;Elas fazem parte do Projeto&nbsp;\u201cCosturando Sonhos\u201d, que j\u00e1 distribuiu o material para&nbsp;policiais penais, como tamb\u00e9m para profissionais&nbsp;das \u00e1reas de Sa\u00fade, Seguran\u00e7a P\u00fablica, pol\u00edcias civis, miliares&nbsp;e bombeiros.<\/p>\n\n\n\n<p>As m\u00e1scaras tamb\u00e9m est\u00e3o sendo produzidas nas unidades femininas de Jo\u00e3o Pessoa, Campina Grande e Patos. Segundo a policial penal e diretora da Unidade de Cajazeiras, Paloma Correia Lima, a produ\u00e7\u00e3o das m\u00e1scaras teve in\u00edcio em mar\u00e7o e a meta de 15 mil unidades j\u00e1 foi batida. \u201cIsso significa uma fabrica\u00e7\u00e3o di\u00e1ria de 600 unidades distribu\u00eddas\u201d, explicou.<\/p>\n\n\n\n<p>De acordo com o juiz da Vara de Execu\u00e7\u00e3o Penal (VEP), Ricardo Henriques Pereira Amorim, logo que a Dire\u00e7\u00e3o da Cadeia P\u00fablica Feminina deu in\u00edcio ao projeto, a sociedade apoiou, como a exemplo de empres\u00e1rios locais e servidores p\u00fablicos. \u201cEssas mulheres manifestam cidadania e comprometimento com o bem estar social, dando um passo no abandono da supera\u00e7\u00e3o do pr\u00f3prio passado. Ao mesmo tempo, deixam de lado a ociosidade do c\u00e1rcere para se dedicarem \u00e0 produ\u00e7\u00e3o de bens de grande relev\u00e2ncia, nesse momento de crise, dignificando-se por meio do trabalho\u201d,comentou o magistrado.<\/p>\n\n\n\n<p>A linha de produ\u00e7\u00e3o do Projeto Costurando Sonhos funciona em uma cela destinada ao albergue, na parte externa da Cadeia e quem coordena a pequena f\u00e1brica \u00e9 Aline de Moura Soares. Nascida em S\u00e3o Paulo, ela tem 25 anos e cumpre pena na Cadeia P\u00fablica de Cajazeiras desde janeiro deste ano. \u201cMe sinto bem e \u00fatil trabalhando, pois sei que estou ajudando o pr\u00f3ximo e a mim mesma. Considero um Projeto especial, por contribuir, atrav\u00e9s da produ\u00e7\u00e3o de m\u00e1scaras, para a prote\u00e7\u00e3o das pessoas, nesse momento t\u00e3o dif\u00edcil\u201d, comentou.<\/p>\n","protected":false},"excerpt":{"rendered":"<p>Com o objetivo de proteger a popula\u00e7\u00e3o , 12 detentas da Cadeia P\u00fablica de Cajazeiras, no&nbsp;Sert\u00e3o paraibano, produziram mais de 15 mil m\u00e1scaras de proje\u00e7\u00e3o&hellip; <\/p>\n","protected":false},"author":2,"featured_media":170624,"comment_status":"closed","ping_status":"closed","sticky":false,"template":"","format":"standard","meta":{"sfsi_plus_gutenberg_text_before_share":"","sfsi_plus_gutenberg_show_text_before_share":"","sfsi_plus_gutenberg_icon_type":"","sfsi_plus_gutenberg_icon_alignemt":"","sfsi_plus_gutenburg_max_per_row":"","footnotes":""},"categories":[2],"tags":[],"class_list":["post-170622","post","type-post","status-publish","format-standard","has-post-thumbnail","hentry","category-geral"],"_links":{"self":[{"href":"https:\/\/www.caririemacao.com\/1\/wp-json\/wp\/v2\/posts\/170622","targetHints":{"allow":["GET"]}}],"collection":[{"href":"https:\/\/www.caririemacao.com\/1\/wp-json\/wp\/v2\/posts"}],"about":[{"href":"https:\/\/www.caririemacao.com\/1\/wp-json\/wp\/v2\/types\/post"}],"author":[{"embeddable":true,"href":"https:\/\/www.caririemacao.com\/1\/wp-json\/wp\/v2\/users\/2"}],"replies":[{"embeddable":true,"href":"https:\/\/www.caririemacao.com\/1\/wp-json\/wp\/v2\/comments?post=170622"}],"version-history":[{"count":1,"href":"https:\/\/www.caririemacao.com\/1\/wp-json\/wp\/v2\/posts\/170622\/revisions"}],"predecessor-version":[{"id":170625,"href":"https:\/\/www.caririemacao.com\/1\/wp-json\/wp\/v2\/posts\/170622\/revisions\/170625"}],"wp:featuredmedia":[{"embeddable":true,"href":"https:\/\/www.caririemacao.com\/1\/wp-json\/wp\/v2\/media\/170624"}],"wp:attachment":[{"href":"https:\/\/www.caririemacao.com\/1\/wp-json\/wp\/v2\/media?parent=170622"}],"wp:term":[{"taxonomy":"category","embeddable":true,"href":"https:\/\/www.caririemacao.com\/1\/wp-json\/wp\/v2\/categories?post=170622"},{"taxonomy":"post_tag","embeddable":true,"href":"https:\/\/www.caririemacao.com\/1\/wp-json\/wp\/v2\/tags?post=170622"}],"curies":[{"name":"wp","href":"https:\/\/api.w.org\/{rel}","templated":true}]}}