{"id":170629,"date":"2020-05-20T16:00:35","date_gmt":"2020-05-20T19:00:35","guid":{"rendered":"https:\/\/www.caririemacao.com\/1\/?p=170629"},"modified":"2020-05-20T16:00:35","modified_gmt":"2020-05-20T19:00:35","slug":"camara-de-vereadores-de-sume-lamenta-falecimento-do-senhor-jose-bezerra-nunes-zuza","status":"publish","type":"post","link":"https:\/\/www.caririemacao.com\/1\/2020\/05\/20\/camara-de-vereadores-de-sume-lamenta-falecimento-do-senhor-jose-bezerra-nunes-zuza\/","title":{"rendered":"C\u00e2mara de Vereadores de Sum\u00e9, lamenta falecimento do Senhor Jos\u00e9 Bezerra Nunes (Zuza)"},"content":{"rendered":"\n<p>Nota de Pesar:<\/p>\n\n\n\n<p>A C\u00e2mara Municipal de Vereadores de Sum\u00e9, lamenta com profundo pesar o falecimento do Senhor Jos\u00e9 Bezerra Nunes, mais conhecido como Zuza.<\/p>\n\n\n\n<p>&#8220;N\u00e3o temos palavras para expressar os nossos sentimentos. Pedimos a Deus que conforte o cora\u00e7\u00e3o dos familiares e amigos neste momento de dor. Que a luz e o amor divino pairem sobre a alma de quem sofre esta imensur\u00e1vel perda, e os console e lhes d\u00ea serenidade para atravessar esta tempestade.<\/p>\n\n\n\n<p>A C\u00e2mara Municipal de Vereadores muito respeitosamente, presta as condol\u00eancias e deixa os mais sinceros p\u00easames extensivo a todos os familiares.<\/p>\n\n\n\n<p>Le\u00f4nidas Albino &#8211; Presidente.<br>Sum\u00e9, 20.05.2020<\/p>\n","protected":false},"excerpt":{"rendered":"<p>Nota de Pesar: A C\u00e2mara Municipal de Vereadores de Sum\u00e9, lamenta com profundo pesar o falecimento do Senhor Jos\u00e9 Bezerra Nunes, mais conhecido como Zuza.&hellip; <\/p>\n","protected":false},"author":1,"featured_media":170630,"comment_status":"closed","ping_status":"closed","sticky":false,"template":"","format":"standard","meta":{"sfsi_plus_gutenberg_text_before_share":"","sfsi_plus_gutenberg_show_text_before_share":"","sfsi_plus_gutenberg_icon_type":"","sfsi_plus_gutenberg_icon_alignemt":"","sfsi_plus_gutenburg_max_per_row":"","footnotes":""},"categories":[6],"tags":[],"class_list":["post-170629","post","type-post","status-publish","format-standard","has-post-thumbnail","hentry","category-cidades"],"_links":{"self":[{"href":"https:\/\/www.caririemacao.com\/1\/wp-json\/wp\/v2\/posts\/170629","targetHints":{"allow":["GET"]}}],"collection":[{"href":"https:\/\/www.caririemacao.com\/1\/wp-json\/wp\/v2\/posts"}],"about":[{"href":"https:\/\/www.caririemacao.com\/1\/wp-json\/wp\/v2\/types\/post"}],"author":[{"embeddable":true,"href":"https:\/\/www.caririemacao.com\/1\/wp-json\/wp\/v2\/users\/1"}],"replies":[{"embeddable":true,"href":"https:\/\/www.caririemacao.com\/1\/wp-json\/wp\/v2\/comments?post=170629"}],"version-history":[{"count":1,"href":"https:\/\/www.caririemacao.com\/1\/wp-json\/wp\/v2\/posts\/170629\/revisions"}],"predecessor-version":[{"id":170631,"href":"https:\/\/www.caririemacao.com\/1\/wp-json\/wp\/v2\/posts\/170629\/revisions\/170631"}],"wp:featuredmedia":[{"embeddable":true,"href":"https:\/\/www.caririemacao.com\/1\/wp-json\/wp\/v2\/media\/170630"}],"wp:attachment":[{"href":"https:\/\/www.caririemacao.com\/1\/wp-json\/wp\/v2\/media?parent=170629"}],"wp:term":[{"taxonomy":"category","embeddable":true,"href":"https:\/\/www.caririemacao.com\/1\/wp-json\/wp\/v2\/categories?post=170629"},{"taxonomy":"post_tag","embeddable":true,"href":"https:\/\/www.caririemacao.com\/1\/wp-json\/wp\/v2\/tags?post=170629"}],"curies":[{"name":"wp","href":"https:\/\/api.w.org\/{rel}","templated":true}]}}