{"id":170632,"date":"2020-05-20T16:02:24","date_gmt":"2020-05-20T19:02:24","guid":{"rendered":"https:\/\/www.caririemacao.com\/1\/?p=170632"},"modified":"2020-05-20T16:02:24","modified_gmt":"2020-05-20T19:02:24","slug":"prefeita-de-monteiro-anna-lorena-tem-rede-social-clonada-pela-segunda-vez-este-ano","status":"publish","type":"post","link":"https:\/\/www.caririemacao.com\/1\/2020\/05\/20\/prefeita-de-monteiro-anna-lorena-tem-rede-social-clonada-pela-segunda-vez-este-ano\/","title":{"rendered":"Prefeita de Monteiro, Anna Lorena tem rede social clonada pela segunda vez este ano"},"content":{"rendered":"\n<p>A prefeita do munic\u00edpio de Monteiro teve novamente sua rede social clonada por golpista que tentou realizar negocia\u00e7\u00f5es e fez pedidos aos contatos da gestora.<\/p>\n\n\n\n<p>O golpe, que se multiplica nos \u00faltimos meses na regi\u00e3o do Cariri, tendo feito outros gestores e pol\u00edticos como v\u00edtima, consiste em invadir a conta do aplicativo de mensagens das v\u00edtimas, ou at\u00e9 mesmo a cria\u00e7\u00e3o de uma conta contendo fotos e dados pessoais, por\u00e9m com outro n\u00famero de telefone, para realizar pedidos, liberar pagamentos, solicitar dep\u00f3sito e tantos outros atos que geram preju\u00edzos materiais.<\/p>\n\n\n\n<p>Foi o que aconteceu pela segunda vez com a prefeita Anna Lorena. O golpista chegou a conversar com pessoas se passando pela prefeita.<\/p>\n\n\n\n<p>\u201cPe\u00e7o \u00e0s pessoas que receberem mensagens minhas mesmo que na rede social tenha minha foto, com outros n\u00fameros ou fazendo pedidos estranhos que desconsiderem. Pela segunda vez estou sendo v\u00edtima deste golpe.\u201dpede a gestora.<\/p>\n\n\n\n<p>Com Vitrini do Cariri<\/p>\n","protected":false},"excerpt":{"rendered":"<p>A prefeita do munic\u00edpio de Monteiro teve novamente sua rede social clonada por golpista que tentou realizar negocia\u00e7\u00f5es e fez pedidos aos contatos da gestora.&hellip; <\/p>\n","protected":false},"author":1,"featured_media":170633,"comment_status":"closed","ping_status":"closed","sticky":false,"template":"","format":"standard","meta":{"sfsi_plus_gutenberg_text_before_share":"","sfsi_plus_gutenberg_show_text_before_share":"","sfsi_plus_gutenberg_icon_type":"","sfsi_plus_gutenberg_icon_alignemt":"","sfsi_plus_gutenburg_max_per_row":"","footnotes":""},"categories":[6],"tags":[],"class_list":["post-170632","post","type-post","status-publish","format-standard","has-post-thumbnail","hentry","category-cidades"],"_links":{"self":[{"href":"https:\/\/www.caririemacao.com\/1\/wp-json\/wp\/v2\/posts\/170632","targetHints":{"allow":["GET"]}}],"collection":[{"href":"https:\/\/www.caririemacao.com\/1\/wp-json\/wp\/v2\/posts"}],"about":[{"href":"https:\/\/www.caririemacao.com\/1\/wp-json\/wp\/v2\/types\/post"}],"author":[{"embeddable":true,"href":"https:\/\/www.caririemacao.com\/1\/wp-json\/wp\/v2\/users\/1"}],"replies":[{"embeddable":true,"href":"https:\/\/www.caririemacao.com\/1\/wp-json\/wp\/v2\/comments?post=170632"}],"version-history":[{"count":1,"href":"https:\/\/www.caririemacao.com\/1\/wp-json\/wp\/v2\/posts\/170632\/revisions"}],"predecessor-version":[{"id":170634,"href":"https:\/\/www.caririemacao.com\/1\/wp-json\/wp\/v2\/posts\/170632\/revisions\/170634"}],"wp:featuredmedia":[{"embeddable":true,"href":"https:\/\/www.caririemacao.com\/1\/wp-json\/wp\/v2\/media\/170633"}],"wp:attachment":[{"href":"https:\/\/www.caririemacao.com\/1\/wp-json\/wp\/v2\/media?parent=170632"}],"wp:term":[{"taxonomy":"category","embeddable":true,"href":"https:\/\/www.caririemacao.com\/1\/wp-json\/wp\/v2\/categories?post=170632"},{"taxonomy":"post_tag","embeddable":true,"href":"https:\/\/www.caririemacao.com\/1\/wp-json\/wp\/v2\/tags?post=170632"}],"curies":[{"name":"wp","href":"https:\/\/api.w.org\/{rel}","templated":true}]}}